{"id":101133,"date":"2026-03-06T06:52:01","date_gmt":"2026-03-06T12:52:01","guid":{"rendered":"https:\/\/elinformante.mx\/?p=101133"},"modified":"2026-03-06T06:52:07","modified_gmt":"2026-03-06T12:52:07","slug":"alista-sheinbaum-concurso-representa-a-mexico-en-la-inauguracion-del-mundial","status":"publish","type":"post","link":"https:\/\/elinformante.mx\/?p=101133","title":{"rendered":"ALISTA SHEINBAUM CONCURSO \u201cREPRESENTA A M\u00c9XICO EN LA INAUGURACI\u00d3N DEL MUNDIAL\u201d"},"content":{"rendered":"\n<figure class=\"wp-block-pullquote\"><blockquote><p>-El premio es el boleto 00001 que se otorgar\u00e1 a una joven de entre 16 a 25 a\u00f1os que acompa\u00f1ar\u00e1 a la \u00e1rbitra Katia Itzel Garc\u00eda, Charlyn Corral y Gabriela Fern\u00e1ndez de Lara.<\/p><\/blockquote><\/figure>\n\n\n\n<p class=\"has-drop-cap\">La presidenta Claudia Sheinbaum Pardo present\u00f3 el concurso \u201cRepresenta a M\u00e9xico en la inauguraci\u00f3n del Mundial\u201d, por el que una joven de entre 16 y 25 a\u00f1os obtendr\u00e1 el boleto 00001 de la presidenta y con ello podr\u00e1 asistir al partido inaugural de la Copa Mundial FIFA 2026 en el Estadio Ciudad de M\u00e9xico.<br><\/p>\n\n\n\n<p>La Jefa del Ejecutivo Federal explic\u00f3 que las j\u00f3venes que deseen participar tendr\u00e1n que enviar, a partir del lunes 9 de marzo y hasta el viernes 10 de abril, un video mostrando sus habilidades futbol\u00edsticas haciendo dominadas y subirlo a la p\u00e1gina mundialsocial.gob.mx.<br><\/p>\n\n\n\n<figure class=\"wp-block-image size-large\"><img fetchpriority=\"high\" decoding=\"async\" width=\"1024\" height=\"506\" src=\"https:\/\/elinformante.mx\/wp-content\/uploads\/2026\/03\/9claudia-3-1-1024x506.jpg\" alt=\"\" class=\"wp-image-101138\" srcset=\"https:\/\/elinformante.mx\/wp-content\/uploads\/2026\/03\/9claudia-3-1-1024x506.jpg 1024w, https:\/\/elinformante.mx\/wp-content\/uploads\/2026\/03\/9claudia-3-1-300x148.jpg 300w, https:\/\/elinformante.mx\/wp-content\/uploads\/2026\/03\/9claudia-3-1-768x379.jpg 768w, https:\/\/elinformante.mx\/wp-content\/uploads\/2026\/03\/9claudia-3-1.jpg 1140w\" sizes=\"(max-width: 1024px) 100vw, 1024px\" \/><\/figure>\n\n\n\n<p>La ganadora ser\u00e1 elegida por un Comit\u00e9 Seleccionador, conformado por la \u00e1rbitra internacional de f\u00fatbol, Katia Itzel Garc\u00eda, reconocida como la sexta mejor \u00e1rbitra del mundial por la Federaci\u00f3n Internacional de Historia y Estad\u00edstica de F\u00fatbol (IFFHS). Fue la primera mujer en 20 a\u00f1os en pitar un partido de la Liga MX Varonil y ser\u00e1 \u00e1rbitra central en la Copa de Campeonas Femenil de la FIFA 2026.<br><\/p>\n\n\n\n<p>La futbolista profesional, Charlyn Corral Ang, ganadora del Premio Nacional de Deportes en 2024, campeona de goleo de la liga del balompi\u00e9 femenino en Espa\u00f1a con el Levante UD en la Temporada 2017-2018; jug\u00f3 con el Atl\u00e9tico de Madrid y es la \u00fanica jugadora en la historia de la liga con cinco t\u00edtulos de goleo individual de la Liga MX Femenil.<br><\/p>\n\n\n\n<figure class=\"wp-block-image size-large\"><img decoding=\"async\" width=\"1024\" height=\"506\" src=\"https:\/\/elinformante.mx\/wp-content\/uploads\/2026\/03\/9claudia-2-2-1024x506.jpg\" alt=\"\" class=\"wp-image-101139\" srcset=\"https:\/\/elinformante.mx\/wp-content\/uploads\/2026\/03\/9claudia-2-2-1024x506.jpg 1024w, https:\/\/elinformante.mx\/wp-content\/uploads\/2026\/03\/9claudia-2-2-300x148.jpg 300w, https:\/\/elinformante.mx\/wp-content\/uploads\/2026\/03\/9claudia-2-2-768x379.jpg 768w, https:\/\/elinformante.mx\/wp-content\/uploads\/2026\/03\/9claudia-2-2.jpg 1140w\" sizes=\"(max-width: 1024px) 100vw, 1024px\" \/><\/figure>\n\n\n\n<p>La periodista deportiva Gabriela Fern\u00e1ndez de Lara, primera mujer en narrar la Liga MX en televisi\u00f3n nacional. En el mundial de Rusia fue parte de la primera narraci\u00f3n 100 por ciento femenina de una final de Copa del Mundo; ha cubierto cuatro mundiales, Juegos Ol\u00edmpicos y Series Mundiales.<br><\/p>\n\n\n\n<p>Katia Itzel Garc\u00eda se\u00f1al\u00f3 que las j\u00f3venes derrochar\u00e1n talento en sus videos para ser parte de la inauguraci\u00f3n de la Copa Mundial y agradeci\u00f3 a la presidenta por abrir una ventana de esperanza para que todas las ni\u00f1as que sue\u00f1an con el futbol hagan su sue\u00f1o realidad.<br><\/p>\n\n\n\n<figure class=\"wp-block-image size-large\"><img decoding=\"async\" width=\"1024\" height=\"506\" src=\"https:\/\/elinformante.mx\/wp-content\/uploads\/2026\/03\/9claudia-1-1024x506.jpg\" alt=\"\" class=\"wp-image-101140\" srcset=\"https:\/\/elinformante.mx\/wp-content\/uploads\/2026\/03\/9claudia-1-1024x506.jpg 1024w, https:\/\/elinformante.mx\/wp-content\/uploads\/2026\/03\/9claudia-1-300x148.jpg 300w, https:\/\/elinformante.mx\/wp-content\/uploads\/2026\/03\/9claudia-1-768x379.jpg 768w, https:\/\/elinformante.mx\/wp-content\/uploads\/2026\/03\/9claudia-1.jpg 1140w\" sizes=\"(max-width: 1024px) 100vw, 1024px\" \/><\/figure>\n\n\n\n<p>Charlyn Corral Ang comparti\u00f3 con emoci\u00f3n que se ve reflejada en cada una de las j\u00f3venes que participar\u00e1n con la ilusi\u00f3n de obtener el boleto 001, ya que de ni\u00f1a aprendi\u00f3 a dominar un bal\u00f3n.de futbol y hoy vive su sue\u00f1o de jugar futbol profesional y ser goleadora.<br><\/p>\n\n\n\n<p>La periodista deportiva, Gabriela Fern\u00e1ndez de Lara, coment\u00f3 que se trata de abrir nuevos espacios para las mujeres, y se\u00f1al\u00f3 que con este concurso cambia la vida de quien gane y de muchas otras ni\u00f1as.<\/p>\n","protected":false},"excerpt":{"rendered":"<p>-El premio es el boleto 00001 que se otorgar\u00e1 a una joven de entre 16 a 25 a\u00f1os que acompa\u00f1ar\u00e1 a la \u00e1rbitra Katia Itzel Garc\u00eda, Charlyn Corral y Gabriela Fern\u00e1ndez de Lara. La presidenta Claudia Sheinbaum Pardo present\u00f3 el concurso \u201cRepresenta a M\u00e9xico en la inauguraci\u00f3n del Mundial\u201d, por el que una joven de [&hellip;]<\/p>\n","protected":false},"author":1,"featured_media":101137,"comment_status":"closed","ping_status":"closed","sticky":false,"template":"","format":"standard","meta":{"footnotes":""},"categories":[30,34,31],"tags":[47],"class_list":["post-101133","post","type-post","status-publish","format-standard","has-post-thumbnail","hentry","category-destacado","category-nacional","category-portada","tag-portadanacional"],"_links":{"self":[{"href":"https:\/\/elinformante.mx\/index.php?rest_route=\/wp\/v2\/posts\/101133","targetHints":{"allow":["GET"]}}],"collection":[{"href":"https:\/\/elinformante.mx\/index.php?rest_route=\/wp\/v2\/posts"}],"about":[{"href":"https:\/\/elinformante.mx\/index.php?rest_route=\/wp\/v2\/types\/post"}],"author":[{"embeddable":true,"href":"https:\/\/elinformante.mx\/index.php?rest_route=\/wp\/v2\/users\/1"}],"replies":[{"embeddable":true,"href":"https:\/\/elinformante.mx\/index.php?rest_route=%2Fwp%2Fv2%2Fcomments&post=101133"}],"version-history":[{"count":0,"href":"https:\/\/elinformante.mx\/index.php?rest_route=\/wp\/v2\/posts\/101133\/revisions"}],"wp:featuredmedia":[{"embeddable":true,"href":"https:\/\/elinformante.mx\/index.php?rest_route=\/wp\/v2\/media\/101137"}],"wp:attachment":[{"href":"https:\/\/elinformante.mx\/index.php?rest_route=%2Fwp%2Fv2%2Fmedia&parent=101133"}],"wp:term":[{"taxonomy":"category","embeddable":true,"href":"https:\/\/elinformante.mx\/index.php?rest_route=%2Fwp%2Fv2%2Fcategories&post=101133"},{"taxonomy":"post_tag","embeddable":true,"href":"https:\/\/elinformante.mx\/index.php?rest_route=%2Fwp%2Fv2%2Ftags&post=101133"}],"curies":[{"name":"wp","href":"https:\/\/api.w.org\/{rel}","templated":true}]}}