{"id":101141,"date":"2026-03-06T12:09:34","date_gmt":"2026-03-06T18:09:34","guid":{"rendered":"https:\/\/elinformante.mx\/?p=101141"},"modified":"2026-03-06T12:09:38","modified_gmt":"2026-03-06T18:09:38","slug":"codhem-emite-recomendaciones-a-toluca-por-agresiones-a-estudiantes-y-periodistas","status":"publish","type":"post","link":"https:\/\/elinformante.mx\/?p=101141","title":{"rendered":"CODHEM EMITE RECOMENDACIONES A TOLUCA POR AGRESIONES A ESTUDIANTES Y PERIODISTAS"},"content":{"rendered":"\n<p>La Comisi\u00f3n de Derechos Humanos del Estado de M\u00e9xico (CODHEM) notific\u00f3 formalmente al Ayuntamiento de Toluca las recomendaciones <strong>01\/2026 y 02\/2026<\/strong>, tras determinar que elementos de la polic\u00eda municipal vulneraron derechos de estudiantes y periodistas durante las movilizaciones realizadas el pasado <strong>2 de octubre<\/strong> en la capital mexiquense.<\/p>\n\n\n\n<p>Durante una conferencia de prensa, el presidente del organismo, <strong>V\u00edctor Leopoldo P\u00e9rez<\/strong>, inform\u00f3 que las investigaciones iniciadas de oficio concluyeron que la administraci\u00f3n municipal encabezada por <strong>Ricardo Moreno Bastida<\/strong> incurri\u00f3 en violaciones al <strong>derecho a la libre manifestaci\u00f3n, la libertad de expresi\u00f3n y la integridad f\u00edsica<\/strong> de los ciudadanos.<\/p>\n\n\n\n<p>De acuerdo con el informe presentado por Visitadores de la CODHEM, los hechos ocurrieron cuando un contingente estudiantil intent\u00f3 marchar hacia la <strong>Plaza C\u00edvica de Toluca<\/strong>, pero fue impedido por polic\u00edas municipales bajo el argumento de que el espacio estaba ocupado por actividades relacionadas con la <strong>Feria del Alfe\u00f1ique<\/strong>.<\/p>\n\n\n\n<p>La situaci\u00f3n se agrav\u00f3 cuando un grupo de manifestantes incendi\u00f3 una patrulla, lo que provoc\u00f3 una respuesta que el organismo calific\u00f3 como <strong>desproporcionada por parte de la fuerza p\u00fablica<\/strong>. En medio del operativo, cinco estudiantes fueron detenidos con uso excesivo de la fuerza y varios periodistas resultaron agredidos mientras realizaban su labor informativa.<\/p>\n\n\n\n<p>Entre las medidas recomendadas, la CODHEM solicita al Ayuntamiento <strong>inscribir a las v\u00edctimas en el registro estatal de atenci\u00f3n, investigar y sancionar a los polic\u00edas involucrados, elaborar protocolos de actuaci\u00f3n con enfoque en derechos humanos y crear un protocolo espec\u00edfico para la protecci\u00f3n de periodistas<\/strong>, adem\u00e1s de reformar el Bando Municipal para garantizar el respeto a la labor de los medios de comunicaci\u00f3n.<\/p>\n","protected":false},"excerpt":{"rendered":"<p>La Comisi\u00f3n de Derechos Humanos del Estado de M\u00e9xico (CODHEM) notific\u00f3 formalmente al Ayuntamiento de Toluca las recomendaciones 01\/2026 y 02\/2026, tras determinar que elementos de la polic\u00eda municipal vulneraron derechos de estudiantes y periodistas durante las movilizaciones realizadas el pasado 2 de octubre en la capital mexiquense. Durante una conferencia de prensa, el presidente [&hellip;]<\/p>\n","protected":false},"author":2,"featured_media":101142,"comment_status":"closed","ping_status":"closed","sticky":false,"template":"","format":"standard","meta":{"footnotes":""},"categories":[36,31],"tags":[],"class_list":["post-101141","post","type-post","status-publish","format-standard","has-post-thumbnail","hentry","category-edomex","category-portada"],"_links":{"self":[{"href":"https:\/\/elinformante.mx\/index.php?rest_route=\/wp\/v2\/posts\/101141","targetHints":{"allow":["GET"]}}],"collection":[{"href":"https:\/\/elinformante.mx\/index.php?rest_route=\/wp\/v2\/posts"}],"about":[{"href":"https:\/\/elinformante.mx\/index.php?rest_route=\/wp\/v2\/types\/post"}],"author":[{"embeddable":true,"href":"https:\/\/elinformante.mx\/index.php?rest_route=\/wp\/v2\/users\/2"}],"replies":[{"embeddable":true,"href":"https:\/\/elinformante.mx\/index.php?rest_route=%2Fwp%2Fv2%2Fcomments&post=101141"}],"version-history":[{"count":0,"href":"https:\/\/elinformante.mx\/index.php?rest_route=\/wp\/v2\/posts\/101141\/revisions"}],"wp:featuredmedia":[{"embeddable":true,"href":"https:\/\/elinformante.mx\/index.php?rest_route=\/wp\/v2\/media\/101142"}],"wp:attachment":[{"href":"https:\/\/elinformante.mx\/index.php?rest_route=%2Fwp%2Fv2%2Fmedia&parent=101141"}],"wp:term":[{"taxonomy":"category","embeddable":true,"href":"https:\/\/elinformante.mx\/index.php?rest_route=%2Fwp%2Fv2%2Fcategories&post=101141"},{"taxonomy":"post_tag","embeddable":true,"href":"https:\/\/elinformante.mx\/index.php?rest_route=%2Fwp%2Fv2%2Ftags&post=101141"}],"curies":[{"name":"wp","href":"https:\/\/api.w.org\/{rel}","templated":true}]}}