{"id":101143,"date":"2026-03-06T14:14:31","date_gmt":"2026-03-06T20:14:31","guid":{"rendered":"https:\/\/elinformante.mx\/?p=101143"},"modified":"2026-03-06T14:14:33","modified_gmt":"2026-03-06T20:14:33","slug":"alvarez-maynez-descarta-buscar-candidatura-en-cdmx-edomex-o-zacatecas","status":"publish","type":"post","link":"https:\/\/elinformante.mx\/?p=101143","title":{"rendered":"\u00c1lvarez M\u00e1ynez descarta buscar candidatura en CDMX, Edomex o Zacatecas"},"content":{"rendered":"\n<p>El coordinador nacional de Movimiento Ciudadano, Jorge \u00c1lvarez M\u00e1ynez, afirm\u00f3 que no tiene contemplado buscar una candidatura para los pr\u00f3ximos procesos electorales, ya sea en la Ciudad de M\u00e9xico, el Estado de M\u00e9xico o Zacatecas.<\/p>\n\n\n\n<p>El dirigente se\u00f1al\u00f3 que su enfoque actual est\u00e1 centrado en fortalecer el proyecto pol\u00edtico del partido y en el trabajo colectivo que realiza dentro de la organizaci\u00f3n.<\/p>\n\n\n\n<p>\u00c1lvarez M\u00e1ynez expres\u00f3 que, al ocupar una posici\u00f3n de coordinaci\u00f3n dentro del movimiento, considera que no ser\u00eda adecuado impulsar una aspiraci\u00f3n personal en este momento.<\/p>\n\n\n\n<p>\u201cCuando eres coordinador de un proyecto colectivo, mal te ves construyendo un proyecto propio\u201d, expres\u00f3 el l\u00edder pol\u00edtico al referirse a la posibilidad de competir por un cargo de elecci\u00f3n.<\/p>\n\n\n\n<p>Con estas declaraciones, el dirigente reiter\u00f3 que su prioridad se mantiene en la consolidaci\u00f3n del proyecto pol\u00edtico de Movimiento Ciudadano rumbo a los pr\u00f3ximos procesos electorales.<\/p>\n","protected":false},"excerpt":{"rendered":"<p>El coordinador nacional de Movimiento Ciudadano, Jorge \u00c1lvarez M\u00e1ynez, afirm\u00f3 que no tiene contemplado buscar una candidatura para los pr\u00f3ximos procesos electorales, ya sea en la Ciudad de M\u00e9xico, el Estado de M\u00e9xico o Zacatecas. El dirigente se\u00f1al\u00f3 que su enfoque actual est\u00e1 centrado en fortalecer el proyecto pol\u00edtico del partido y en el trabajo [&hellip;]<\/p>\n","protected":false},"author":2,"featured_media":101144,"comment_status":"closed","ping_status":"closed","sticky":false,"template":"","format":"standard","meta":{"footnotes":""},"categories":[34],"tags":[],"class_list":["post-101143","post","type-post","status-publish","format-standard","has-post-thumbnail","hentry","category-nacional"],"_links":{"self":[{"href":"https:\/\/elinformante.mx\/index.php?rest_route=\/wp\/v2\/posts\/101143","targetHints":{"allow":["GET"]}}],"collection":[{"href":"https:\/\/elinformante.mx\/index.php?rest_route=\/wp\/v2\/posts"}],"about":[{"href":"https:\/\/elinformante.mx\/index.php?rest_route=\/wp\/v2\/types\/post"}],"author":[{"embeddable":true,"href":"https:\/\/elinformante.mx\/index.php?rest_route=\/wp\/v2\/users\/2"}],"replies":[{"embeddable":true,"href":"https:\/\/elinformante.mx\/index.php?rest_route=%2Fwp%2Fv2%2Fcomments&post=101143"}],"version-history":[{"count":0,"href":"https:\/\/elinformante.mx\/index.php?rest_route=\/wp\/v2\/posts\/101143\/revisions"}],"wp:featuredmedia":[{"embeddable":true,"href":"https:\/\/elinformante.mx\/index.php?rest_route=\/wp\/v2\/media\/101144"}],"wp:attachment":[{"href":"https:\/\/elinformante.mx\/index.php?rest_route=%2Fwp%2Fv2%2Fmedia&parent=101143"}],"wp:term":[{"taxonomy":"category","embeddable":true,"href":"https:\/\/elinformante.mx\/index.php?rest_route=%2Fwp%2Fv2%2Fcategories&post=101143"},{"taxonomy":"post_tag","embeddable":true,"href":"https:\/\/elinformante.mx\/index.php?rest_route=%2Fwp%2Fv2%2Ftags&post=101143"}],"curies":[{"name":"wp","href":"https:\/\/api.w.org\/{rel}","templated":true}]}}