{"id":101146,"date":"2026-03-06T15:37:21","date_gmt":"2026-03-06T21:37:21","guid":{"rendered":"https:\/\/elinformante.mx\/?p=101146"},"modified":"2026-03-06T15:37:24","modified_gmt":"2026-03-06T21:37:24","slug":"cuauhtemoc-blanco-anuncia-demanda-por-dano-moral-contra-diputadas","status":"publish","type":"post","link":"https:\/\/elinformante.mx\/?p=101146","title":{"rendered":"Cuauht\u00e9moc Blanco anuncia demanda por da\u00f1o moral contra diputadas"},"content":{"rendered":"\n<p>El diputado federal de Morena, Cuauht\u00e9moc Blanco, inform\u00f3 que prepara una demanda por da\u00f1o moral contra diputadas, luego de las cr\u00edticas y se\u00f1alamientos que se han generado en torno a su caso en el \u00e1mbito p\u00fablico.<\/p>\n\n\n\n<p>Durante declaraciones a medios, el legislador se\u00f1al\u00f3 que no le preocupa que lo llamen \u201cviolentador\u201d, y sostuvo que emprender\u00e1 acciones legales para defender su imagen ante lo que considera acusaciones que afectan su reputaci\u00f3n.<\/p>\n\n\n\n<p>Blanco enfrenta una acusaci\u00f3n por presunto intento de violaci\u00f3n presentada por su media hermana, un caso que ha generado atenci\u00f3n medi\u00e1tica y debate pol\u00edtico en los \u00faltimos d\u00edas.<\/p>\n\n\n\n<p>Hasta el momento, el proceso se encuentra en el \u00e1mbito de investigaci\u00f3n y no se ha emitido una resoluci\u00f3n judicial definitiva sobre los se\u00f1alamientos.<\/p>\n\n\n\n<p>El legislador reiter\u00f3 que buscar\u00e1 acudir a las instancias legales correspondientes para presentar la demanda por da\u00f1o moral y continuar con su defensa jur\u00eddica.<\/p>\n","protected":false},"excerpt":{"rendered":"<p>El diputado federal de Morena, Cuauht\u00e9moc Blanco, inform\u00f3 que prepara una demanda por da\u00f1o moral contra diputadas, luego de las cr\u00edticas y se\u00f1alamientos que se han generado en torno a su caso en el \u00e1mbito p\u00fablico. Durante declaraciones a medios, el legislador se\u00f1al\u00f3 que no le preocupa que lo llamen \u201cviolentador\u201d, y sostuvo que emprender\u00e1 [&hellip;]<\/p>\n","protected":false},"author":2,"featured_media":101147,"comment_status":"closed","ping_status":"closed","sticky":false,"template":"","format":"standard","meta":{"footnotes":""},"categories":[34],"tags":[],"class_list":["post-101146","post","type-post","status-publish","format-standard","has-post-thumbnail","hentry","category-nacional"],"_links":{"self":[{"href":"https:\/\/elinformante.mx\/index.php?rest_route=\/wp\/v2\/posts\/101146","targetHints":{"allow":["GET"]}}],"collection":[{"href":"https:\/\/elinformante.mx\/index.php?rest_route=\/wp\/v2\/posts"}],"about":[{"href":"https:\/\/elinformante.mx\/index.php?rest_route=\/wp\/v2\/types\/post"}],"author":[{"embeddable":true,"href":"https:\/\/elinformante.mx\/index.php?rest_route=\/wp\/v2\/users\/2"}],"replies":[{"embeddable":true,"href":"https:\/\/elinformante.mx\/index.php?rest_route=%2Fwp%2Fv2%2Fcomments&post=101146"}],"version-history":[{"count":0,"href":"https:\/\/elinformante.mx\/index.php?rest_route=\/wp\/v2\/posts\/101146\/revisions"}],"wp:featuredmedia":[{"embeddable":true,"href":"https:\/\/elinformante.mx\/index.php?rest_route=\/wp\/v2\/media\/101147"}],"wp:attachment":[{"href":"https:\/\/elinformante.mx\/index.php?rest_route=%2Fwp%2Fv2%2Fmedia&parent=101146"}],"wp:term":[{"taxonomy":"category","embeddable":true,"href":"https:\/\/elinformante.mx\/index.php?rest_route=%2Fwp%2Fv2%2Fcategories&post=101146"},{"taxonomy":"post_tag","embeddable":true,"href":"https:\/\/elinformante.mx\/index.php?rest_route=%2Fwp%2Fv2%2Ftags&post=101146"}],"curies":[{"name":"wp","href":"https:\/\/api.w.org\/{rel}","templated":true}]}}