{"id":101148,"date":"2026-03-06T16:18:37","date_gmt":"2026-03-06T22:18:37","guid":{"rendered":"https:\/\/elinformante.mx\/?p=101148"},"modified":"2026-03-06T16:18:39","modified_gmt":"2026-03-06T22:18:39","slug":"lesion-de-cristiano-ronaldo-genera-incertidumbre-y-pone-en-duda-su-presencia-en-mexico","status":"publish","type":"post","link":"https:\/\/elinformante.mx\/?p=101148","title":{"rendered":"Lesi\u00f3n de Cristiano Ronaldo genera incertidumbre y pone en duda su presencia en M\u00e9xico"},"content":{"rendered":"\n<p>La lesi\u00f3n de Cristiano Ronaldo encendi\u00f3 las alarmas en el futbol internacional luego de que el delantero del Al-Nassr abandonara el terreno de juego tras resentirse f\u00edsicamente. Aunque inicialmente se pens\u00f3 que se trataba de una molestia menor, el t\u00e9cnico del club saud\u00ed, Jorge Jes\u00fas, confirm\u00f3 que el problema podr\u00eda ser m\u00e1s serio de lo previsto.<\/p>\n\n\n\n<p>De acuerdo con el entrenador portugu\u00e9s, las evaluaciones m\u00e9dicas detectaron una complicaci\u00f3n que impide establecer un tiempo claro de recuperaci\u00f3n. La situaci\u00f3n ha generado preocupaci\u00f3n tanto en el Al-Nassr como en la Selecci\u00f3n de Portugal, que sigue de cerca la evoluci\u00f3n de su capit\u00e1n.<\/p>\n\n\n\n<p>Uno de los encuentros m\u00e1s esperados por los aficionados era el partido entre M\u00e9xico y Portugal, programado para la inauguraci\u00f3n del Estadio Banorte. Sin embargo, tras las declaraciones del t\u00e9cnico, la presencia de Cristiano Ronaldo en ese evento deportivo ahora luce poco probable.<\/p>\n\n\n\n<p>El delantero portugu\u00e9s viajar\u00e1 a Espa\u00f1a para continuar su proceso de rehabilitaci\u00f3n con especialistas que han trabajado con atletas de alto rendimiento. El objetivo es acelerar su recuperaci\u00f3n y evitar una reca\u00edda que pueda comprometer el resto de la temporada.<\/p>\n\n\n\n<p>Especialistas estiman que este tipo de lesiones podr\u00eda requerir varias semanas de recuperaci\u00f3n, por lo que el futuro inmediato del jugador depender\u00e1 de su evoluci\u00f3n m\u00e9dica. Mientras tanto, se mantiene la expectativa sobre si Ronaldo podr\u00e1 recuperarse a tiempo para los pr\u00f3ximos compromisos internacionales y el que podr\u00eda ser su \u00faltimo Mundial.<\/p>\n","protected":false},"excerpt":{"rendered":"<p>La lesi\u00f3n de Cristiano Ronaldo encendi\u00f3 las alarmas en el futbol internacional luego de que el delantero del Al-Nassr abandonara el terreno de juego tras resentirse f\u00edsicamente. Aunque inicialmente se pens\u00f3 que se trataba de una molestia menor, el t\u00e9cnico del club saud\u00ed, Jorge Jes\u00fas, confirm\u00f3 que el problema podr\u00eda ser m\u00e1s serio de lo [&hellip;]<\/p>\n","protected":false},"author":2,"featured_media":101151,"comment_status":"closed","ping_status":"closed","sticky":false,"template":"","format":"standard","meta":{"footnotes":""},"categories":[1],"tags":[],"class_list":["post-101148","post","type-post","status-publish","format-standard","has-post-thumbnail","hentry","category-sin-categoria"],"_links":{"self":[{"href":"https:\/\/elinformante.mx\/index.php?rest_route=\/wp\/v2\/posts\/101148","targetHints":{"allow":["GET"]}}],"collection":[{"href":"https:\/\/elinformante.mx\/index.php?rest_route=\/wp\/v2\/posts"}],"about":[{"href":"https:\/\/elinformante.mx\/index.php?rest_route=\/wp\/v2\/types\/post"}],"author":[{"embeddable":true,"href":"https:\/\/elinformante.mx\/index.php?rest_route=\/wp\/v2\/users\/2"}],"replies":[{"embeddable":true,"href":"https:\/\/elinformante.mx\/index.php?rest_route=%2Fwp%2Fv2%2Fcomments&post=101148"}],"version-history":[{"count":0,"href":"https:\/\/elinformante.mx\/index.php?rest_route=\/wp\/v2\/posts\/101148\/revisions"}],"wp:featuredmedia":[{"embeddable":true,"href":"https:\/\/elinformante.mx\/index.php?rest_route=\/wp\/v2\/media\/101151"}],"wp:attachment":[{"href":"https:\/\/elinformante.mx\/index.php?rest_route=%2Fwp%2Fv2%2Fmedia&parent=101148"}],"wp:term":[{"taxonomy":"category","embeddable":true,"href":"https:\/\/elinformante.mx\/index.php?rest_route=%2Fwp%2Fv2%2Fcategories&post=101148"},{"taxonomy":"post_tag","embeddable":true,"href":"https:\/\/elinformante.mx\/index.php?rest_route=%2Fwp%2Fv2%2Ftags&post=101148"}],"curies":[{"name":"wp","href":"https:\/\/api.w.org\/{rel}","templated":true}]}}