{"id":101149,"date":"2026-03-06T16:11:26","date_gmt":"2026-03-06T22:11:26","guid":{"rendered":"https:\/\/elinformante.mx\/?p=101149"},"modified":"2026-03-06T16:11:29","modified_gmt":"2026-03-06T22:11:29","slug":"san-mateo-atenco-refuerza-acciones-por-la-igualdad-y-contra-la-violencia-de-genero","status":"publish","type":"post","link":"https:\/\/elinformante.mx\/?p=101149","title":{"rendered":"SAN MATEO ATENCO REFUERZA ACCIONES POR LA IGUALDAD Y CONTRA LA VIOLENCIA DE G\u00c9NERO"},"content":{"rendered":"\n<p>En el marco de la conmemoraci\u00f3n del <strong>D\u00eda Internacional de la Mujer<\/strong>, el Gobierno Municipal de San Mateo Atenco, encabezado por la presidenta <strong>Ana Mu\u00f1iz Neyra<\/strong>, reafirm\u00f3 su compromiso de impulsar la igualdad sustantiva, proteger la vida y dignidad de ni\u00f1as y mujeres, y garantizar su acceso a la justicia.<\/p>\n\n\n\n<p>Durante un encuentro realizado en el <strong>Teatro Sor Juana In\u00e9s de la Cruz<\/strong>, la alcaldesa destac\u00f3 que esta fecha representa un llamado a fortalecer las pol\u00edticas p\u00fablicas con perspectiva de g\u00e9nero. Se\u00f1al\u00f3 que promover el desarrollo y el liderazgo de las mujeres tambi\u00e9n significa impulsar el progreso integral del municipio.<\/p>\n\n\n\n<p>Entre las acciones implementadas por el gobierno municipal se encuentran operativos comunitarios en m\u00e1s de <strong>500 puntos del municipio<\/strong>, el programa <strong>Sem\u00e1foro \u00a1AHORA!<\/strong>, la <strong>Unidad Municipal de Primera Intervenci\u00f3n en Delitos de G\u00e9nero<\/strong> y el sistema de alerta con geolocalizaci\u00f3n conectado al <strong>Centro de Mando C4<\/strong>, que brinda protecci\u00f3n inmediata a mujeres con medidas de resguardo.<\/p>\n\n\n\n<p>La alcaldesa inform\u00f3 que <strong>385 mujeres han sido beneficiadas con dispositivos de alertamiento<\/strong>, de las cuales 223 mantienen activo el sistema de protecci\u00f3n. Adem\u00e1s, se han brindado servicios de atenci\u00f3n psicol\u00f3gica, asesor\u00eda jur\u00eddica y acompa\u00f1amiento para la presentaci\u00f3n de denuncias y canalizaci\u00f3n a refugios cuando ha sido necesario.<\/p>\n\n\n\n<p>Gracias a estas acciones y al trabajo coordinado con autoridades estatales y federales, <strong>San Mateo Atenco ha logrado reducir en 37% los \u00edndices de violencia de g\u00e9nero<\/strong>, afirm\u00f3 Mu\u00f1iz Neyra, quien reiter\u00f3 que su gobierno continuar\u00e1 impulsando pol\u00edticas p\u00fablicas para garantizar una vida libre de violencia para todas las mujeres.<\/p>\n","protected":false},"excerpt":{"rendered":"<p>En el marco de la conmemoraci\u00f3n del D\u00eda Internacional de la Mujer, el Gobierno Municipal de San Mateo Atenco, encabezado por la presidenta Ana Mu\u00f1iz Neyra, reafirm\u00f3 su compromiso de impulsar la igualdad sustantiva, proteger la vida y dignidad de ni\u00f1as y mujeres, y garantizar su acceso a la justicia. Durante un encuentro realizado en [&hellip;]<\/p>\n","protected":false},"author":2,"featured_media":101150,"comment_status":"closed","ping_status":"closed","sticky":false,"template":"","format":"standard","meta":{"footnotes":""},"categories":[36,31],"tags":[],"class_list":["post-101149","post","type-post","status-publish","format-standard","has-post-thumbnail","hentry","category-edomex","category-portada"],"_links":{"self":[{"href":"https:\/\/elinformante.mx\/index.php?rest_route=\/wp\/v2\/posts\/101149","targetHints":{"allow":["GET"]}}],"collection":[{"href":"https:\/\/elinformante.mx\/index.php?rest_route=\/wp\/v2\/posts"}],"about":[{"href":"https:\/\/elinformante.mx\/index.php?rest_route=\/wp\/v2\/types\/post"}],"author":[{"embeddable":true,"href":"https:\/\/elinformante.mx\/index.php?rest_route=\/wp\/v2\/users\/2"}],"replies":[{"embeddable":true,"href":"https:\/\/elinformante.mx\/index.php?rest_route=%2Fwp%2Fv2%2Fcomments&post=101149"}],"version-history":[{"count":0,"href":"https:\/\/elinformante.mx\/index.php?rest_route=\/wp\/v2\/posts\/101149\/revisions"}],"wp:featuredmedia":[{"embeddable":true,"href":"https:\/\/elinformante.mx\/index.php?rest_route=\/wp\/v2\/media\/101150"}],"wp:attachment":[{"href":"https:\/\/elinformante.mx\/index.php?rest_route=%2Fwp%2Fv2%2Fmedia&parent=101149"}],"wp:term":[{"taxonomy":"category","embeddable":true,"href":"https:\/\/elinformante.mx\/index.php?rest_route=%2Fwp%2Fv2%2Fcategories&post=101149"},{"taxonomy":"post_tag","embeddable":true,"href":"https:\/\/elinformante.mx\/index.php?rest_route=%2Fwp%2Fv2%2Ftags&post=101149"}],"curies":[{"name":"wp","href":"https:\/\/api.w.org\/{rel}","templated":true}]}}