{"id":101167,"date":"2026-03-09T05:44:10","date_gmt":"2026-03-09T11:44:10","guid":{"rendered":"https:\/\/elinformante.mx\/?p=101167"},"modified":"2026-03-09T05:44:13","modified_gmt":"2026-03-09T11:44:13","slug":"inaugura-saray-benitez-unidad-medica-en-mexicaltzingo","status":"publish","type":"post","link":"https:\/\/elinformante.mx\/?p=101167","title":{"rendered":"Inaugura Saray Ben\u00edtez Unidad M\u00e9dica en Mexicaltzingo"},"content":{"rendered":"\n<figure class=\"wp-block-pullquote\"><blockquote><p>-La nueva cl\u00ednica no solo ofrecer\u00e1 atenci\u00f3n m\u00e9dica general, sino que responde a una de las peticiones m\u00e1s sentidas de la poblaci\u00f3n: un laboratorio de estudios cl\u00ednicos propio.<\/p><\/blockquote><\/figure>\n\n\n\n<p class=\"has-drop-cap\">La presidenta municipal de Mexicaltzingo, Saray Ben\u00edtez Espinoza, encabez\u00f3 la inauguraci\u00f3n de la nueva Cl\u00ednica Municipal y entreg\u00f3 las primeras credenciales del programa \u201cSeguro M\u00e9dico Municipal\u201d.<br><\/p>\n\n\n\n<p>Con estas acciones, el ayuntamiento busca saldar una deuda hist\u00f3rica con la salud de los sectores m\u00e1s vulnerables.<br><\/p>\n\n\n\n<p>Ben\u00edtez Espinosa se\u00f1al\u00f3 que la nueva cl\u00ednica que abri\u00f3 sus puertas, ser\u00e1 manejada por el DIF Municipal, y cuenta con servicios gracios de atenci\u00f3n m\u00e9dica para todos los que asistan, incluyendo personas ajenas al municipio.<br><\/p>\n\n\n\n<p>Se\u00f1al\u00f3 que el medicamento s\u00f3lo ser\u00e1 gratuito para quienes cuenten con su afiliaci\u00f3n al Seguro M\u00e9dico Municipal. Adem\u00e1s de tener derecho al servicio de farmacia y de lentes gratuito, adem\u00e1s de varios estudios de laboratorio, con lo que esta administraci\u00f3n municipal marca la diferencia con sus antecesores.<br><\/p>\n\n\n\n<p>Benitez Espinoza fue enf\u00e1tica al se\u00f1alar que la materializaci\u00f3n de este proyecto no fue fortuita, sino el resultado de un arduo proceso de sanear las finanzas p\u00fablicas que recibi\u00f3.<br><\/p>\n\n\n\n<p>Record\u00f3 que, al inicio de su gesti\u00f3n, recibi\u00f3 una administraci\u00f3n con graves carencias econ\u00f3micas y muy endeudado.<br><\/p>\n\n\n\n<figure class=\"wp-block-image size-large\"><img fetchpriority=\"high\" decoding=\"async\" width=\"1024\" height=\"506\" src=\"https:\/\/elinformante.mx\/wp-content\/uploads\/2026\/03\/13mexi-1-1024x506.jpg\" alt=\"\" class=\"wp-image-101171\" srcset=\"https:\/\/elinformante.mx\/wp-content\/uploads\/2026\/03\/13mexi-1-1024x506.jpg 1024w, https:\/\/elinformante.mx\/wp-content\/uploads\/2026\/03\/13mexi-1-300x148.jpg 300w, https:\/\/elinformante.mx\/wp-content\/uploads\/2026\/03\/13mexi-1-768x379.jpg 768w, https:\/\/elinformante.mx\/wp-content\/uploads\/2026\/03\/13mexi-1.jpg 1140w\" sizes=\"(max-width: 1024px) 100vw, 1024px\" \/><\/figure>\n\n\n\n<p>\u201cPara lograr esto, primero ten\u00edamos que sanear a un municipio endrogado y roto financieramente. Necesit\u00e1bamos un municipio ordenado que tuviera la capacidad de poder invertir en una cl\u00ednica\u201d<br><\/p>\n\n\n\n<p>La presidenta subray\u00f3 que la estabilidad econ\u00f3mica es la \u00fanica v\u00eda para generar bienestar social.<br><\/p>\n\n\n\n<p>La nueva cl\u00ednica no solo ofrecer\u00e1 atenci\u00f3n m\u00e9dica general, sino que responde a una de las peticiones m\u00e1s sentidas de la poblaci\u00f3n: un laboratorio de estudios cl\u00ednicos propio.<br><\/p>\n\n\n\n<p>Explic\u00f3 que esta adici\u00f3n es crucial para evitar que los habitantes tengan que trasladarse de madrugada a otros municipios, ahorrando costos y tiempo.<br><\/p>\n\n\n\n<p>Record\u00f3 que con el Seguro Popular Municipal, se comenzar\u00e1 el proceso de credencializaci\u00f3n para asegurar que nadie se quede fuera del sistema de salud local.<br><\/p>\n\n\n\n<p>Destac\u00f3 la labor del Cabildo, cuyos integrantes autorizaron tanto la construcci\u00f3n de la cl\u00ednica como la implementaci\u00f3n del programa.<\/p>\n","protected":false},"excerpt":{"rendered":"<p>-La nueva cl\u00ednica no solo ofrecer\u00e1 atenci\u00f3n m\u00e9dica general, sino que responde a una de las peticiones m\u00e1s sentidas de la poblaci\u00f3n: un laboratorio de estudios cl\u00ednicos propio. La presidenta municipal de Mexicaltzingo, Saray Ben\u00edtez Espinoza, encabez\u00f3 la inauguraci\u00f3n de la nueva Cl\u00ednica Municipal y entreg\u00f3 las primeras credenciales del programa \u201cSeguro M\u00e9dico Municipal\u201d. Con [&hellip;]<\/p>\n","protected":false},"author":1,"featured_media":101170,"comment_status":"closed","ping_status":"closed","sticky":false,"template":"","format":"standard","meta":{"footnotes":""},"categories":[36],"tags":[],"class_list":["post-101167","post","type-post","status-publish","format-standard","has-post-thumbnail","hentry","category-edomex"],"_links":{"self":[{"href":"https:\/\/elinformante.mx\/index.php?rest_route=\/wp\/v2\/posts\/101167","targetHints":{"allow":["GET"]}}],"collection":[{"href":"https:\/\/elinformante.mx\/index.php?rest_route=\/wp\/v2\/posts"}],"about":[{"href":"https:\/\/elinformante.mx\/index.php?rest_route=\/wp\/v2\/types\/post"}],"author":[{"embeddable":true,"href":"https:\/\/elinformante.mx\/index.php?rest_route=\/wp\/v2\/users\/1"}],"replies":[{"embeddable":true,"href":"https:\/\/elinformante.mx\/index.php?rest_route=%2Fwp%2Fv2%2Fcomments&post=101167"}],"version-history":[{"count":0,"href":"https:\/\/elinformante.mx\/index.php?rest_route=\/wp\/v2\/posts\/101167\/revisions"}],"wp:featuredmedia":[{"embeddable":true,"href":"https:\/\/elinformante.mx\/index.php?rest_route=\/wp\/v2\/media\/101170"}],"wp:attachment":[{"href":"https:\/\/elinformante.mx\/index.php?rest_route=%2Fwp%2Fv2%2Fmedia&parent=101167"}],"wp:term":[{"taxonomy":"category","embeddable":true,"href":"https:\/\/elinformante.mx\/index.php?rest_route=%2Fwp%2Fv2%2Fcategories&post=101167"},{"taxonomy":"post_tag","embeddable":true,"href":"https:\/\/elinformante.mx\/index.php?rest_route=%2Fwp%2Fv2%2Ftags&post=101167"}],"curies":[{"name":"wp","href":"https:\/\/api.w.org\/{rel}","templated":true}]}}