{"id":101172,"date":"2026-03-09T05:48:06","date_gmt":"2026-03-09T11:48:06","guid":{"rendered":"https:\/\/elinformante.mx\/?p=101172"},"modified":"2026-03-09T05:53:22","modified_gmt":"2026-03-09T11:53:22","slug":"expo-mujer-reune-a-emprendedoras-y-promueve-igualdad-en-zinacantepec","status":"publish","type":"post","link":"https:\/\/elinformante.mx\/?p=101172","title":{"rendered":"Expo Mujer re\u00fane a emprendedoras y promueve igualdad en Zinacantepec"},"content":{"rendered":"\n<figure class=\"wp-block-pullquote\"><blockquote><p>-Este evento reuni\u00f3 a decenas de mujeres del municipio en un espacio de encuentro, capacitaci\u00f3n y reconocimiento.<\/p><\/blockquote><\/figure>\n\n\n\n<p class=\"has-drop-cap\">Con el objetivo de promover el emprendimiento femenino, generar espacios de aprendizaje y fomentar la reflexi\u00f3n sobre la igualdad de derechos, el gobierno municipal de Zinacantepec, encabezado por el presidente municipal Manuel Vilchis Viveros, a trav\u00e9s del Sistema DIF municipal, realiz\u00f3 la Expo Mujer Zinacantepec en el marco de la celebraci\u00f3n del D\u00eda Internacional de la Mujer.<br><\/p>\n\n\n\n<p>Este evento reuni\u00f3 a decenas de mujeres del municipio en un espacio de encuentro, capacitaci\u00f3n y reconocimiento, donde se llevaron a cabo talleres, pl\u00e1ticas informativas y la instalaci\u00f3n de stands de mujeres emprendedoras, quienes presentaron productos y proyectos impulsados con talento, creatividad y esfuerzo desde sus comunidades.<br><\/p>\n\n\n\n<p>Vilchis Viveros, acompa\u00f1ado por la presidenta del DIF, Jessica R\u00edos Lara, destac\u00f3 que este tipo de actividades buscan fortalecer la autonom\u00eda econ\u00f3mica de las mujeres y visibilizar su aportaci\u00f3n al desarrollo social y productivo del municipio.<br><\/p>\n\n\n\n<p>Subray\u00f3 que el 8 de marzo no debe entenderse \u00fanicamente como una fecha conmemorativa, sino como un momento para reflexionar sobre los avances y los retos pendientes en materia de igualdad, respeto y oportunidades para las mujeres.<br><\/p>\n\n\n\n<figure class=\"wp-block-image size-large\"><img fetchpriority=\"high\" decoding=\"async\" width=\"1024\" height=\"506\" src=\"https:\/\/elinformante.mx\/wp-content\/uploads\/2026\/03\/12zina-2-3-1024x506.jpg\" alt=\"\" class=\"wp-image-101177\" srcset=\"https:\/\/elinformante.mx\/wp-content\/uploads\/2026\/03\/12zina-2-3-1024x506.jpg 1024w, https:\/\/elinformante.mx\/wp-content\/uploads\/2026\/03\/12zina-2-3-300x148.jpg 300w, https:\/\/elinformante.mx\/wp-content\/uploads\/2026\/03\/12zina-2-3-768x379.jpg 768w, https:\/\/elinformante.mx\/wp-content\/uploads\/2026\/03\/12zina-2-3.jpg 1140w\" sizes=\"(max-width: 1024px) 100vw, 1024px\" \/><\/figure>\n\n\n\n<p>Enfatiz\u00f3 que el gobierno municipal mantiene el compromiso de impulsar pol\u00edticas p\u00fablicas y programas que fortalezcan el papel de las mujeres en la vida comunitaria, as\u00ed como de abrir m\u00e1s espacios para su participaci\u00f3n, capacitaci\u00f3n y crecimiento.<br><\/p>\n\n\n\n<p>Finalmente, Vilchis Viveros reiter\u00f3 que en Zinacantepec se continuar\u00e1 trabajando para reconocer y fortalecer el papel fundamental de las mujeres en la transformaci\u00f3n y desarrollo del municipio, mediante acciones que promuevan su bienestar, su autonom\u00eda y su plena participaci\u00f3n en la sociedad.<br><\/p>\n\n\n\n<p>Durante la celebraci\u00f3n por el D\u00eda Internacional de la Mujer, en Zinacantepec reconocimos a ocho mujeres destacadas de nuestro municipio por su trabajo, trayectoria y el impacto positivo que generan en nuestra comunidad.<br><\/p>\n\n\n\n<p>Adem\u00e1s, vecinas y vecinos pudieron disfrutar de una feria de emprendimiento, donde mujeres emprendedoras compartieron su talento y esfuerzo, demostrando que cuando las mujeres tienen oportunidades, toda la sociedad avanza.<\/p>\n","protected":false},"excerpt":{"rendered":"<p>-Este evento reuni\u00f3 a decenas de mujeres del municipio en un espacio de encuentro, capacitaci\u00f3n y reconocimiento. Con el objetivo de promover el emprendimiento femenino, generar espacios de aprendizaje y fomentar la reflexi\u00f3n sobre la igualdad de derechos, el gobierno municipal de Zinacantepec, encabezado por el presidente municipal Manuel Vilchis Viveros, a trav\u00e9s del Sistema [&hellip;]<\/p>\n","protected":false},"author":1,"featured_media":101176,"comment_status":"closed","ping_status":"closed","sticky":false,"template":"","format":"standard","meta":{"footnotes":""},"categories":[36],"tags":[],"class_list":["post-101172","post","type-post","status-publish","format-standard","has-post-thumbnail","hentry","category-edomex"],"_links":{"self":[{"href":"https:\/\/elinformante.mx\/index.php?rest_route=\/wp\/v2\/posts\/101172","targetHints":{"allow":["GET"]}}],"collection":[{"href":"https:\/\/elinformante.mx\/index.php?rest_route=\/wp\/v2\/posts"}],"about":[{"href":"https:\/\/elinformante.mx\/index.php?rest_route=\/wp\/v2\/types\/post"}],"author":[{"embeddable":true,"href":"https:\/\/elinformante.mx\/index.php?rest_route=\/wp\/v2\/users\/1"}],"replies":[{"embeddable":true,"href":"https:\/\/elinformante.mx\/index.php?rest_route=%2Fwp%2Fv2%2Fcomments&post=101172"}],"version-history":[{"count":0,"href":"https:\/\/elinformante.mx\/index.php?rest_route=\/wp\/v2\/posts\/101172\/revisions"}],"wp:featuredmedia":[{"embeddable":true,"href":"https:\/\/elinformante.mx\/index.php?rest_route=\/wp\/v2\/media\/101176"}],"wp:attachment":[{"href":"https:\/\/elinformante.mx\/index.php?rest_route=%2Fwp%2Fv2%2Fmedia&parent=101172"}],"wp:term":[{"taxonomy":"category","embeddable":true,"href":"https:\/\/elinformante.mx\/index.php?rest_route=%2Fwp%2Fv2%2Fcategories&post=101172"},{"taxonomy":"post_tag","embeddable":true,"href":"https:\/\/elinformante.mx\/index.php?rest_route=%2Fwp%2Fv2%2Ftags&post=101172"}],"curies":[{"name":"wp","href":"https:\/\/api.w.org\/{rel}","templated":true}]}}