{"id":101175,"date":"2026-03-09T05:54:39","date_gmt":"2026-03-09T11:54:39","guid":{"rendered":"https:\/\/elinformante.mx\/?p=101175"},"modified":"2026-03-09T05:55:06","modified_gmt":"2026-03-09T11:55:06","slug":"reafirma-ana-muniz-neyra-compromiso-para-erradicacion-de-la-violencia-contra-las-mujeres","status":"publish","type":"post","link":"https:\/\/elinformante.mx\/?p=101175","title":{"rendered":"Reafirma Ana Mu\u00f1iz Neyra compromiso para erradicaci\u00f3n de la violencia contra las mujeres"},"content":{"rendered":"\n<figure class=\"wp-block-pullquote\"><blockquote><p>-Reporta avances del Modelo \u00a1AHORA!; bajan 37% los \u00edndices de violencia de g\u00e9nero en el municipio.<\/p><\/blockquote><\/figure>\n\n\n\n<p class=\"has-drop-cap\">Durante las celebraciones por el D\u00eda Internacional de la Mujer, el Gobierno Municipal de San Mateo Atenco, encabezado por la presidenta Ana Mu\u00f1iz Neyra, reafirm\u00f3 su compromiso de impulsar la igualdad sustantiva, proteger la vida y la dignidad de ni\u00f1as y mujeres, y asegurar su acceso a la justicia.<br><\/p>\n\n\n\n<p>Fue durante un encuentro realizado en el Teatro Sor Juana In\u00e9s de la Cruz, donde Mu\u00f1iz Neyra subray\u00f3 que este d\u00eda no es solo una fecha en el calendario; es un recordatorio del compromiso que asumimos como gobierno para hacer de la perspectiva de g\u00e9nero una hoja de ruta para impulsar el desarrollo real de la sociedad atenquense.<br><\/p>\n\n\n\n<p>Reconoci\u00f3 que promover el adelanto de las mujeres significa impulsar el desarrollo de todo el municipio.<br><\/p>\n\n\n\n<p>Se\u00f1al\u00f3 que este modelo incluye operativos comunitarios realizados en m\u00e1s de 500 puntos del municipio, el Sem\u00e1foro \u00a1AHORA!, la Unidad Municipal de Primera Intervenci\u00f3n en Delitos de G\u00e9nero, as\u00ed como la Alerta \u00a1AHORA!, el dispositivo de geolocalizaci\u00f3n conectado al Centro de Mando C4 que permite brindar protecci\u00f3n inmediata a personas con medidas de protecci\u00f3n.<br><\/p>\n\n\n\n<figure class=\"wp-block-image size-large\"><img fetchpriority=\"high\" decoding=\"async\" width=\"1024\" height=\"506\" src=\"https:\/\/elinformante.mx\/wp-content\/uploads\/2026\/03\/12mateo-2-2-1024x506.jpg\" alt=\"\" class=\"wp-image-101180\" srcset=\"https:\/\/elinformante.mx\/wp-content\/uploads\/2026\/03\/12mateo-2-2-1024x506.jpg 1024w, https:\/\/elinformante.mx\/wp-content\/uploads\/2026\/03\/12mateo-2-2-300x148.jpg 300w, https:\/\/elinformante.mx\/wp-content\/uploads\/2026\/03\/12mateo-2-2-768x379.jpg 768w, https:\/\/elinformante.mx\/wp-content\/uploads\/2026\/03\/12mateo-2-2.jpg 1140w\" sizes=\"(max-width: 1024px) 100vw, 1024px\" \/><\/figure>\n\n\n\n<p>Inform\u00f3 que al menos 385 mujeres han sido beneficiadas con el dispositivo de alertamiento, de las cuales 223 cuentan actualmente con el sistema activo, adem\u00e1s de que el gobierno municipal ha brindado atenci\u00f3n psicol\u00f3gica, jur\u00eddica y acompa\u00f1amiento para la presentaci\u00f3n de denuncias y canalizaci\u00f3n a refugios cuando ha sido necesario.<br><\/p>\n\n\n\n<p>Gracias a estas acciones y al trabajo coordinado entre autoridades municipales, estatales y federales, San Mateo Atenco ha logrado reducir en 37% los \u00edndices de violencia de g\u00e9nero, inform\u00f3 Ana Mu\u00f1iz.<br><\/p>\n\n\n\n<p>Como parte de las conmemoraciones se inauguraron en la Plaza Ju\u00e1rez la Jornada de Servicios Mujeres por la Paz, donde diversas instituciones instalaron m\u00f3dulos para brindar asesor\u00eda jur\u00eddica, servicios de salud, orientaci\u00f3n psicol\u00f3gica, atenci\u00f3n a v\u00edctimas de violencia de g\u00e9nero y programas de bienestar y desarrollo econ\u00f3mico.<br><\/p>\n\n\n\n<p>Mu\u00f1iz Neyra reiter\u00f3 que su gobierno continuar\u00e1 trabajando para consolidar pol\u00edticas p\u00fablicas que garanticen la igualdad y una vida libre de violencia para todas.<\/p>\n","protected":false},"excerpt":{"rendered":"<p>-Reporta avances del Modelo \u00a1AHORA!; bajan 37% los \u00edndices de violencia de g\u00e9nero en el municipio. Durante las celebraciones por el D\u00eda Internacional de la Mujer, el Gobierno Municipal de San Mateo Atenco, encabezado por la presidenta Ana Mu\u00f1iz Neyra, reafirm\u00f3 su compromiso de impulsar la igualdad sustantiva, proteger la vida y la dignidad de [&hellip;]<\/p>\n","protected":false},"author":1,"featured_media":101179,"comment_status":"closed","ping_status":"closed","sticky":false,"template":"","format":"standard","meta":{"footnotes":""},"categories":[30,36],"tags":[],"class_list":["post-101175","post","type-post","status-publish","format-standard","has-post-thumbnail","hentry","category-destacado","category-edomex"],"_links":{"self":[{"href":"https:\/\/elinformante.mx\/index.php?rest_route=\/wp\/v2\/posts\/101175","targetHints":{"allow":["GET"]}}],"collection":[{"href":"https:\/\/elinformante.mx\/index.php?rest_route=\/wp\/v2\/posts"}],"about":[{"href":"https:\/\/elinformante.mx\/index.php?rest_route=\/wp\/v2\/types\/post"}],"author":[{"embeddable":true,"href":"https:\/\/elinformante.mx\/index.php?rest_route=\/wp\/v2\/users\/1"}],"replies":[{"embeddable":true,"href":"https:\/\/elinformante.mx\/index.php?rest_route=%2Fwp%2Fv2%2Fcomments&post=101175"}],"version-history":[{"count":0,"href":"https:\/\/elinformante.mx\/index.php?rest_route=\/wp\/v2\/posts\/101175\/revisions"}],"wp:featuredmedia":[{"embeddable":true,"href":"https:\/\/elinformante.mx\/index.php?rest_route=\/wp\/v2\/media\/101179"}],"wp:attachment":[{"href":"https:\/\/elinformante.mx\/index.php?rest_route=%2Fwp%2Fv2%2Fmedia&parent=101175"}],"wp:term":[{"taxonomy":"category","embeddable":true,"href":"https:\/\/elinformante.mx\/index.php?rest_route=%2Fwp%2Fv2%2Fcategories&post=101175"},{"taxonomy":"post_tag","embeddable":true,"href":"https:\/\/elinformante.mx\/index.php?rest_route=%2Fwp%2Fv2%2Ftags&post=101175"}],"curies":[{"name":"wp","href":"https:\/\/api.w.org\/{rel}","templated":true}]}}