{"id":101186,"date":"2026-03-09T06:20:55","date_gmt":"2026-03-09T12:20:55","guid":{"rendered":"https:\/\/elinformante.mx\/?p=101186"},"modified":"2026-03-09T06:20:58","modified_gmt":"2026-03-09T12:20:58","slug":"ieem-abre-convocatoria-del-certamen-de-investigacion-y-ensayo-politico","status":"publish","type":"post","link":"https:\/\/elinformante.mx\/?p=101186","title":{"rendered":"IEEM abre convocatoria del certamen de Investigaci\u00f3n y Ensayo Pol\u00edtico"},"content":{"rendered":"\n<figure class=\"wp-block-pullquote\"><blockquote><p>-Las personas concursantes ganadoras de alguno de los tres primeros lugares de cada categor\u00eda recibir\u00e1n un premio econ\u00f3mico.<\/p><\/blockquote><\/figure>\n\n\n\n<p class=\"has-drop-cap\">En su 30 aniversario, el Instituto Electoral del Estado de M\u00e9xico (IEEM) abri\u00f3 la convocatoria para participar en la XXIX edici\u00f3n del Certamen de Investigaci\u00f3n y Ensayo Pol\u00edtico, un concurso de car\u00e1cter nacional cuyo prop\u00f3sito es promover la reflexi\u00f3n, el an\u00e1lisis y el debate sobre los retos actuales y futuros de la democracia en M\u00e9xico.<br><\/p>\n\n\n\n<p>El Certamen, organizado por el Centro de Formaci\u00f3n y Documentaci\u00f3n Electoral (CFDE) del IEEM, est\u00e1 dividido en tres categor\u00edas de participaci\u00f3n: tesis de posgrado, tesis de licenciatura y ensayo pol\u00edtico, con la finalidad de contar con una diversidad de enfoques disciplinarios y distintos niveles de formaci\u00f3n.<br><\/p>\n\n\n\n<p>Los trabajos deber\u00e1n centrarse en problem\u00e1ticas pol\u00edtico-electorales de actualidad y relevancia, entre ellas la integridad electoral; la participaci\u00f3n ciudadana; la innovaci\u00f3n en los mecanismos de resoluci\u00f3n de conflictos, la transparencia y la rendici\u00f3n de cuentas; la inclusi\u00f3n y la representaci\u00f3n, entre otros.<br><\/p>\n\n\n\n<p>La admisi\u00f3n de los trabajos ser\u00e1 v\u00eda electr\u00f3nica, a trav\u00e9s del Sistema del Certamen de Investigaci\u00f3n y Ensayo Pol\u00edtico del IEEM. El registro estar\u00e1 disponible hasta las 15:00 horas (tiempo del centro de M\u00e9xico) del 3 de julio de 2026.<br><\/p>\n\n\n\n<p>Las personas interesadas en participar deber\u00e1n registrarse en: https:\/\/gestion.ieem.org.mx\/certamen\/public.<br><\/p>\n\n\n\n<p>Las personas que obtengan alguno de los tres primeros lugares en cada categor\u00eda recibir\u00e1n un premio econ\u00f3mico.<\/p>\n","protected":false},"excerpt":{"rendered":"<p>-Las personas concursantes ganadoras de alguno de los tres primeros lugares de cada categor\u00eda recibir\u00e1n un premio econ\u00f3mico. En su 30 aniversario, el Instituto Electoral del Estado de M\u00e9xico (IEEM) abri\u00f3 la convocatoria para participar en la XXIX edici\u00f3n del Certamen de Investigaci\u00f3n y Ensayo Pol\u00edtico, un concurso de car\u00e1cter nacional cuyo prop\u00f3sito es promover [&hellip;]<\/p>\n","protected":false},"author":1,"featured_media":101190,"comment_status":"closed","ping_status":"closed","sticky":false,"template":"","format":"standard","meta":{"footnotes":""},"categories":[36],"tags":[],"class_list":["post-101186","post","type-post","status-publish","format-standard","has-post-thumbnail","hentry","category-edomex"],"_links":{"self":[{"href":"https:\/\/elinformante.mx\/index.php?rest_route=\/wp\/v2\/posts\/101186","targetHints":{"allow":["GET"]}}],"collection":[{"href":"https:\/\/elinformante.mx\/index.php?rest_route=\/wp\/v2\/posts"}],"about":[{"href":"https:\/\/elinformante.mx\/index.php?rest_route=\/wp\/v2\/types\/post"}],"author":[{"embeddable":true,"href":"https:\/\/elinformante.mx\/index.php?rest_route=\/wp\/v2\/users\/1"}],"replies":[{"embeddable":true,"href":"https:\/\/elinformante.mx\/index.php?rest_route=%2Fwp%2Fv2%2Fcomments&post=101186"}],"version-history":[{"count":0,"href":"https:\/\/elinformante.mx\/index.php?rest_route=\/wp\/v2\/posts\/101186\/revisions"}],"wp:featuredmedia":[{"embeddable":true,"href":"https:\/\/elinformante.mx\/index.php?rest_route=\/wp\/v2\/media\/101190"}],"wp:attachment":[{"href":"https:\/\/elinformante.mx\/index.php?rest_route=%2Fwp%2Fv2%2Fmedia&parent=101186"}],"wp:term":[{"taxonomy":"category","embeddable":true,"href":"https:\/\/elinformante.mx\/index.php?rest_route=%2Fwp%2Fv2%2Fcategories&post=101186"},{"taxonomy":"post_tag","embeddable":true,"href":"https:\/\/elinformante.mx\/index.php?rest_route=%2Fwp%2Fv2%2Ftags&post=101186"}],"curies":[{"name":"wp","href":"https:\/\/api.w.org\/{rel}","templated":true}]}}