{"id":101189,"date":"2026-03-09T06:22:36","date_gmt":"2026-03-09T12:22:36","guid":{"rendered":"https:\/\/elinformante.mx\/?p=101189"},"modified":"2026-03-09T06:22:39","modified_gmt":"2026-03-09T12:22:39","slug":"mirada-violeta-en-la-uaemex-por-el-dia-internacional-de-la-mujer-paty-zarza","status":"publish","type":"post","link":"https:\/\/elinformante.mx\/?p=101189","title":{"rendered":"Mirada violeta en la UAEM\u00e9x por el D\u00eda Internacional de la Mujer: Paty Zarza"},"content":{"rendered":"\n<figure class=\"wp-block-pullquote\"><blockquote><p>-Intervenciones art\u00edsticas, redes de tejido y la iluminaci\u00f3n de edificios universitarios marcaron las actividades en la UAEM\u00e9x<\/p><\/blockquote><\/figure>\n\n\n\n<p class=\"has-drop-cap\">En el marco del 8 de marzo, D\u00eda Internacional de la Mujer, la Universidad Aut\u00f3noma del Estado de M\u00e9xico (UAEM\u00e9x), a trav\u00e9s de la Secretar\u00eda de Igualdad Sustantiva y Cuidados, llev\u00f3 a cabo diversas actividades, con el objetivo de reconocer el papel de las mujeres dentro de la comunidad universitaria y en la sociedad, as\u00ed como promover la reflexi\u00f3n en torno a la igualdad de g\u00e9nero.<br><\/p>\n\n\n\n<p>Entre las iniciativas destac\u00f3 \u201cPerspectiva Violeta\u201d, una intervenci\u00f3n en la que estuvo presente la rectora Martha Patricia Zarza Delgado y realizada por alumnas de la Facultad de Arquitectura y Dise\u00f1o, quienes colocaron gafas violetas a las esculturas de Benito Ju\u00e1rez, Ignacio Ram\u00edrez Calzada e Ignacio Manuel Altamirano Basilio, ubicadas en el Edificio de Rector\u00eda.<br><\/p>\n\n\n\n<p>La acci\u00f3n busc\u00f3 incorporar una mirada simb\u00f3lica con perspectiva de g\u00e9nero a los monumentos universitarios e invitar a reflexionar sobre la presencia y contribuci\u00f3n de las mujeres en la vida acad\u00e9mica y social.<br><\/p>\n\n\n\n<p>De acuerdo con las participantes, la intervenci\u00f3n tambi\u00e9n tuvo como prop\u00f3sito visibilizar la participaci\u00f3n de las mujeres en los espacios universitarios y promover formas creativas de intervenci\u00f3n simb\u00f3lica en el entorno institucional, resaltando valores como la uni\u00f3n, la fortaleza y la sororidad.<br><\/p>\n\n\n\n<figure class=\"wp-block-image size-large\"><img fetchpriority=\"high\" decoding=\"async\" width=\"1024\" height=\"506\" src=\"https:\/\/elinformante.mx\/wp-content\/uploads\/2026\/03\/10uaemex-4-1024x506.jpg\" alt=\"\" class=\"wp-image-101193\" srcset=\"https:\/\/elinformante.mx\/wp-content\/uploads\/2026\/03\/10uaemex-4-1024x506.jpg 1024w, https:\/\/elinformante.mx\/wp-content\/uploads\/2026\/03\/10uaemex-4-300x148.jpg 300w, https:\/\/elinformante.mx\/wp-content\/uploads\/2026\/03\/10uaemex-4-768x379.jpg 768w, https:\/\/elinformante.mx\/wp-content\/uploads\/2026\/03\/10uaemex-4.jpg 1140w\" sizes=\"(max-width: 1024px) 100vw, 1024px\" \/><\/figure>\n\n\n\n<p>Tambi\u00e9n se llev\u00f3 a cabo \u201cAbrazamos el \u00e1rbol de la mora. Tejamos redes universitarias\u201d, din\u00e1mica en la que se reunieron m\u00e1s de mil 300 cuadros de tejido en color violeta.<br><\/p>\n\n\n\n<p>Esta acci\u00f3n simb\u00f3lica permiti\u00f3 reflexionar sobre el tejido como una pr\u00e1ctica hist\u00f3ricamente vinculada con la feminidad y los cuidados, al tiempo que represent\u00f3 la construcci\u00f3n colectiva de redes de apoyo dentro de la comunidad universitaria.<br><\/p>\n\n\n\n<p>Asimismo, diversos espacios universitarios fueron iluminados de color violeta, entre ellos, el Edificio de Rector\u00eda, el Edificio Administrativo, el Edificio UAEMitas, la Facultad de Enfermer\u00eda y Obstetricia, la escultura de Adolfo L\u00f3pez Mateos ubicada en Ciudad Universitaria y la Unidad Acad\u00e9mica Profesional Tejupilco.<br><\/p>\n\n\n\n<p>Con estas acciones, la Universidad Aut\u00f3noma del Estado de M\u00e9xico reafirm\u00f3 su compromiso con la igualdad de g\u00e9nero, la sororidad y el reconocimiento de las mujeres que forman parte de esta casa de estudios.<\/p>\n","protected":false},"excerpt":{"rendered":"<p>-Intervenciones art\u00edsticas, redes de tejido y la iluminaci\u00f3n de edificios universitarios marcaron las actividades en la UAEM\u00e9x En el marco del 8 de marzo, D\u00eda Internacional de la Mujer, la Universidad Aut\u00f3noma del Estado de M\u00e9xico (UAEM\u00e9x), a trav\u00e9s de la Secretar\u00eda de Igualdad Sustantiva y Cuidados, llev\u00f3 a cabo diversas actividades, con el objetivo [&hellip;]<\/p>\n","protected":false},"author":1,"featured_media":101192,"comment_status":"closed","ping_status":"closed","sticky":false,"template":"","format":"standard","meta":{"footnotes":""},"categories":[30,36],"tags":[],"class_list":["post-101189","post","type-post","status-publish","format-standard","has-post-thumbnail","hentry","category-destacado","category-edomex"],"_links":{"self":[{"href":"https:\/\/elinformante.mx\/index.php?rest_route=\/wp\/v2\/posts\/101189","targetHints":{"allow":["GET"]}}],"collection":[{"href":"https:\/\/elinformante.mx\/index.php?rest_route=\/wp\/v2\/posts"}],"about":[{"href":"https:\/\/elinformante.mx\/index.php?rest_route=\/wp\/v2\/types\/post"}],"author":[{"embeddable":true,"href":"https:\/\/elinformante.mx\/index.php?rest_route=\/wp\/v2\/users\/1"}],"replies":[{"embeddable":true,"href":"https:\/\/elinformante.mx\/index.php?rest_route=%2Fwp%2Fv2%2Fcomments&post=101189"}],"version-history":[{"count":0,"href":"https:\/\/elinformante.mx\/index.php?rest_route=\/wp\/v2\/posts\/101189\/revisions"}],"wp:featuredmedia":[{"embeddable":true,"href":"https:\/\/elinformante.mx\/index.php?rest_route=\/wp\/v2\/media\/101192"}],"wp:attachment":[{"href":"https:\/\/elinformante.mx\/index.php?rest_route=%2Fwp%2Fv2%2Fmedia&parent=101189"}],"wp:term":[{"taxonomy":"category","embeddable":true,"href":"https:\/\/elinformante.mx\/index.php?rest_route=%2Fwp%2Fv2%2Fcategories&post=101189"},{"taxonomy":"post_tag","embeddable":true,"href":"https:\/\/elinformante.mx\/index.php?rest_route=%2Fwp%2Fv2%2Ftags&post=101189"}],"curies":[{"name":"wp","href":"https:\/\/api.w.org\/{rel}","templated":true}]}}