{"id":101196,"date":"2026-03-09T06:34:17","date_gmt":"2026-03-09T12:34:17","guid":{"rendered":"https:\/\/elinformante.mx\/?p=101196"},"modified":"2026-03-09T06:34:21","modified_gmt":"2026-03-09T12:34:21","slug":"con-nuevos-parques-deportivos-y-senderos-se-transforma-el-espacio-publico-en-edomex","status":"publish","type":"post","link":"https:\/\/elinformante.mx\/?p=101196","title":{"rendered":"Con nuevos parques deportivos y senderos se transforma el espacio p\u00fablico en Edom\u00e9x"},"content":{"rendered":"\n<figure class=\"wp-block-pullquote\"><blockquote><p>-A trav\u00e9s de los programas de Obra P\u00fablica y Caminemos Seguras se consolidan espacios p\u00fablicos y entornos urbanos viales inclusivos, iluminados y equipados.<\/p><\/blockquote><\/figure>\n\n\n\n<p class=\"has-drop-cap\">Para el Gobierno de la maestra Delfina G\u00f3mez \u00c1lvarez, la recuperaci\u00f3n del espacio p\u00fablico con perspectiva de g\u00e9nero es una forma de devolver a las mujeres su derecho a la ciudad. Con una visi\u00f3n humanista, esta estrategia se materializa a trav\u00e9s de los programas de Obra P\u00fablica y Caminemos Seguras.<br><\/p>\n\n\n\n<p>En el marco del D\u00eda Internacional de la Mujer, y mediante la Secretar\u00eda de Desarrollo Urbano e Infraestructura (Sedui), la administraci\u00f3n estatal impulsa proyectos estrat\u00e9gicos para que, en este \u201c2026, A\u00f1o de las Obras en Edom\u00e9x\u201d, las mexiquenses puedan transitar y disfrutar plenamente de sus comunidades y actividades cotidianas.<br><\/p>\n\n\n\n<p>\u201cPor fin se puede tener un espacio para nosotras. Y m\u00e1s que nada, pues, como lo mencion\u00e9, la seguridad hacia las mujeres, incluso hasta para el ba\u00f1o, porque en el campo donde est\u00e1bamos antes, los ba\u00f1os eran los \u00e1rboles\u201d, expres\u00f3 Ariadna Vega M\u00e9ndez, integrante del equipo femenil de s\u00f3ftbol de Apaxco.<br><\/p>\n\n\n\n<p>Los nuevos parques y parques deportivos incorporan iluminaci\u00f3n y dise\u00f1os de paisaje abiertos que mejoran la percepci\u00f3n de seguridad y favorecen la convivencia. Estos espacios est\u00e1n pensados para todas las mujeres: deportistas, personas con discapacidad y quienes realizan labores de cuidado acompa\u00f1adas de ni\u00f1as, ni\u00f1os o personas adultas mayores, garantizando entornos dignos, accesibles y protegidos.<br><\/p>\n\n\n\n<p>El mejoramiento urbano vial mediante el programa Caminemos Seguras es otro de los ejes de esta estrategia que la Sedui, en coordinaci\u00f3n con la Secretar\u00eda de las Mujeres, implementa en avenidas y calles de los 11 municipios con alerta de violencia de g\u00e9nero.<br><\/p>\n\n\n\n<p>Con la instalaci\u00f3n de luminarias, ampliaci\u00f3n de banquetas, se\u00f1al\u00e9tica clara y sistemas de videovigilancia con botones de alerta, el Gobierno del Estado de M\u00e9xico busca que las mujeres puedan caminar hacia su trabajo, escuela o transporte p\u00fablico y regresar a sus hogares con mayor confianza.<br><\/p>\n\n\n\n<p>En este D\u00eda Internacional de la Mujer, la administraci\u00f3n de la maestra Delfina G\u00f3mez \u00c1lvarez destaca avances en la recuperaci\u00f3n del espacio p\u00fablico con enfoque de g\u00e9nero, con el objetivo de construir ciudades m\u00e1s seguras, accesibles y amigables para todas las mujeres del Estado de M\u00e9xico.<\/p>\n","protected":false},"excerpt":{"rendered":"<p>-A trav\u00e9s de los programas de Obra P\u00fablica y Caminemos Seguras se consolidan espacios p\u00fablicos y entornos urbanos viales inclusivos, iluminados y equipados. Para el Gobierno de la maestra Delfina G\u00f3mez \u00c1lvarez, la recuperaci\u00f3n del espacio p\u00fablico con perspectiva de g\u00e9nero es una forma de devolver a las mujeres su derecho a la ciudad. Con [&hellip;]<\/p>\n","protected":false},"author":1,"featured_media":101199,"comment_status":"closed","ping_status":"closed","sticky":false,"template":"","format":"standard","meta":{"footnotes":""},"categories":[30,36,31],"tags":[],"class_list":["post-101196","post","type-post","status-publish","format-standard","has-post-thumbnail","hentry","category-destacado","category-edomex","category-portada"],"_links":{"self":[{"href":"https:\/\/elinformante.mx\/index.php?rest_route=\/wp\/v2\/posts\/101196","targetHints":{"allow":["GET"]}}],"collection":[{"href":"https:\/\/elinformante.mx\/index.php?rest_route=\/wp\/v2\/posts"}],"about":[{"href":"https:\/\/elinformante.mx\/index.php?rest_route=\/wp\/v2\/types\/post"}],"author":[{"embeddable":true,"href":"https:\/\/elinformante.mx\/index.php?rest_route=\/wp\/v2\/users\/1"}],"replies":[{"embeddable":true,"href":"https:\/\/elinformante.mx\/index.php?rest_route=%2Fwp%2Fv2%2Fcomments&post=101196"}],"version-history":[{"count":0,"href":"https:\/\/elinformante.mx\/index.php?rest_route=\/wp\/v2\/posts\/101196\/revisions"}],"wp:featuredmedia":[{"embeddable":true,"href":"https:\/\/elinformante.mx\/index.php?rest_route=\/wp\/v2\/media\/101199"}],"wp:attachment":[{"href":"https:\/\/elinformante.mx\/index.php?rest_route=%2Fwp%2Fv2%2Fmedia&parent=101196"}],"wp:term":[{"taxonomy":"category","embeddable":true,"href":"https:\/\/elinformante.mx\/index.php?rest_route=%2Fwp%2Fv2%2Fcategories&post=101196"},{"taxonomy":"post_tag","embeddable":true,"href":"https:\/\/elinformante.mx\/index.php?rest_route=%2Fwp%2Fv2%2Ftags&post=101196"}],"curies":[{"name":"wp","href":"https:\/\/api.w.org\/{rel}","templated":true}]}}