{"id":101207,"date":"2026-03-09T06:47:38","date_gmt":"2026-03-09T12:47:38","guid":{"rendered":"https:\/\/elinformante.mx\/?p=101207"},"modified":"2026-03-09T06:48:02","modified_gmt":"2026-03-09T12:48:02","slug":"dan-banderazo-de-salida-a-nueva-estrategia-del-programa-colibri-chiquitzin-para-menores-de-edad","status":"publish","type":"post","link":"https:\/\/elinformante.mx\/?p=101207","title":{"rendered":"Dan banderazo de salida a nueva estrategia del programa Colibr\u00ed Chiquitzin para menores de edad"},"content":{"rendered":"\n<figure class=\"wp-block-pullquote\"><blockquote><p>-La estrategia tiene el objetivo de beneficiar a ni\u00f1as, ni\u00f1os y adolescentes con recorridos por espacios l\u00fadicos y de aprendizaje en la capital del pa\u00eds.<\/p><\/blockquote><\/figure>\n\n\n\n<p class=\"has-drop-cap\">La secretaria de Turismo de la Ciudad de M\u00e9xico, Alejandra Frausto Guerrero, dio el banderazo de salida a los autobuses del Programa Colibr\u00ed Viajero que en su estrategia de turismo social infantil \u201cColibr\u00ed Chiquitzin 2026\u201d, beneficiar\u00e1 a ni\u00f1as, ni\u00f1os y adolescentes de los estratos sociales m\u00e1s vulnerables con recorridos que les permitir\u00e1n conocer y disfrutar de los espacios l\u00fadicos y de aprendizaje de que disponen en la capital del pa\u00eds.<br><\/p>\n\n\n\n<p>Acompa\u00f1ada de Patricio Carezzana, titular de la Unidad de Pol\u00edtica e Informaci\u00f3n Tur\u00edstica en la Secretar\u00eda de Turismo del Gobierno Federal; Fernando Carreras Castro, representante de UNICEF en M\u00e9xico, hizo notar que a trav\u00e9s del acceso equitativo a experiencias culturales, recreativas y educativas, se promueve la participaci\u00f3n activa de ni\u00f1as, ni\u00f1os y adolescentes en el turismo social como un derecho y como una herramienta para la igualdad de oportunidades, el aprendizaje significativo y la construcci\u00f3n de identidad.<br><\/p>\n\n\n\n<p>Reunidos en la explanada del Monumento a la Revoluci\u00f3n, en la colonia Tabacalera, los beneficiarios fueron mil menores de edad, reconocidos como un grupo prioritario para el bienestar, la inclusi\u00f3n y el desarrollo integral en la Ciudad de M\u00e9xico, iniciaron recorridos \u2013a partir de la Plaza de la Rep\u00fablica- para acercarlos a los espacios del patrimonio tur\u00edstico, hist\u00f3rico y cultural de la ciudad y su entorno, en los que se les garantizan servicios dignos, accesibles, de calidad y libres de discriminaci\u00f3n.<br><\/p>\n\n\n\n<p>Las rutas y recorridos de esta nueva estrategia del Programa Colibr\u00ed \u2013de la Secretar\u00eda de Turismo capitalina\u2013 fueron dise\u00f1ados especialmente para las infancias considerando enfoques pedag\u00f3gicos, l\u00fadicos y de seguridad para favorecer la comprensi\u00f3n, el disfrute y la participaci\u00f3n activa de los menores de edad y hacer v\u00e1lido el ejercicio pleno de su derecho al esparcimiento y al ocio educativo.<br><\/p>\n\n\n\n<p>Con el apoyo de los denominados Amigos Colibr\u00ed, empresarios due\u00f1os de varios de los principales centros de recreaci\u00f3n de la capital del pa\u00eds, ser\u00e1 posible que los menores beneficiarios no solamente realicen recorridos culturales y recreativos en la Ciudad de M\u00e9xico, sino tambi\u00e9n algunas visitas for\u00e1neas con tarifas preferenciales y en algunos casos con entera gratuidad, de modo tal que el turismo social infantil sea una pol\u00edtica p\u00fablica con enfoque de derechos e inclusi\u00f3n social.<br><\/p>\n\n\n\n<p>En el acto estuvieron presentes Beatriz Rojas Mart\u00ednez, directora general del Sistema de Desarrollo Integral de la Familia CDMX y Gloria Tokunaga Casta\u00f1eda, directora general de Profesionalizaci\u00f3n de la Asistencia. Social del Sistema Nacional para el Desarrollo Integral de las Familias.<br><\/p>\n\n\n\n<p>Las ni\u00f1as y los ni\u00f1os que se integren al programa Colibr\u00ed Chiquitzin recibir\u00e1n una credencial que los acreditar\u00e1 como Guardianes del Patrimonio y podr\u00e1n participar en las diversas din\u00e1micas y actividades de esta iniciativa. Para registrarse, las madres, padres de familia o tutores podr\u00e1n acudir al Z\u00f3calo de Gobierno Ciudadano, ser contactados mediante el programa Casa por Casa, o bien comunicarse v\u00eda telef\u00f3nica al 55 5286 7079 o 55 5286 9077, extensiones 2105 y 2107.<\/p>\n","protected":false},"excerpt":{"rendered":"<p>-La estrategia tiene el objetivo de beneficiar a ni\u00f1as, ni\u00f1os y adolescentes con recorridos por espacios l\u00fadicos y de aprendizaje en la capital del pa\u00eds. La secretaria de Turismo de la Ciudad de M\u00e9xico, Alejandra Frausto Guerrero, dio el banderazo de salida a los autobuses del Programa Colibr\u00ed Viajero que en su estrategia de turismo [&hellip;]<\/p>\n","protected":false},"author":1,"featured_media":101210,"comment_status":"closed","ping_status":"closed","sticky":false,"template":"","format":"standard","meta":{"footnotes":""},"categories":[35,30],"tags":[],"class_list":["post-101207","post","type-post","status-publish","format-standard","has-post-thumbnail","hentry","category-cdmx","category-destacado"],"_links":{"self":[{"href":"https:\/\/elinformante.mx\/index.php?rest_route=\/wp\/v2\/posts\/101207","targetHints":{"allow":["GET"]}}],"collection":[{"href":"https:\/\/elinformante.mx\/index.php?rest_route=\/wp\/v2\/posts"}],"about":[{"href":"https:\/\/elinformante.mx\/index.php?rest_route=\/wp\/v2\/types\/post"}],"author":[{"embeddable":true,"href":"https:\/\/elinformante.mx\/index.php?rest_route=\/wp\/v2\/users\/1"}],"replies":[{"embeddable":true,"href":"https:\/\/elinformante.mx\/index.php?rest_route=%2Fwp%2Fv2%2Fcomments&post=101207"}],"version-history":[{"count":0,"href":"https:\/\/elinformante.mx\/index.php?rest_route=\/wp\/v2\/posts\/101207\/revisions"}],"wp:featuredmedia":[{"embeddable":true,"href":"https:\/\/elinformante.mx\/index.php?rest_route=\/wp\/v2\/media\/101210"}],"wp:attachment":[{"href":"https:\/\/elinformante.mx\/index.php?rest_route=%2Fwp%2Fv2%2Fmedia&parent=101207"}],"wp:term":[{"taxonomy":"category","embeddable":true,"href":"https:\/\/elinformante.mx\/index.php?rest_route=%2Fwp%2Fv2%2Fcategories&post=101207"},{"taxonomy":"post_tag","embeddable":true,"href":"https:\/\/elinformante.mx\/index.php?rest_route=%2Fwp%2Fv2%2Ftags&post=101207"}],"curies":[{"name":"wp","href":"https:\/\/api.w.org\/{rel}","templated":true}]}}