{"id":101211,"date":"2026-03-09T07:00:58","date_gmt":"2026-03-09T13:00:58","guid":{"rendered":"https:\/\/elinformante.mx\/?p=101211"},"modified":"2026-03-09T07:01:01","modified_gmt":"2026-03-09T13:01:01","slug":"siempre-vivas-siempre-libres-siempre-iguales-clara-brugada","status":"publish","type":"post","link":"https:\/\/elinformante.mx\/?p=101211","title":{"rendered":"\u201cSiempre vivas, siempre libres, siempre iguales\u201d: Clara Brugada"},"content":{"rendered":"\n<figure class=\"wp-block-pullquote\"><blockquote><p>-Cuatro mil mujeres participaron en la formaci\u00f3n del mensaje monumental en la Plaza de la Constituci\u00f3n, un signo de continuidad en la lucha de sus derechos.<\/p><\/blockquote><\/figure>\n\n\n\n<p class=\"has-drop-cap\">Con la participaci\u00f3n de 4 mil mujeres, la Jefa de Gobierno, Clara Brugada Molina, encabez\u00f3 la formaci\u00f3n del mensaje monumental y poderoso \u201cSiempre Vivas, Libres e Iguales #8M\u201d en la plancha del Z\u00f3calo capitalino como un acto de protesta y para refrendar la continuidad de la lucha por los derechos de las mujeres, y asegur\u00f3 que la movilizaci\u00f3n de este domingo 8 de marzo y sus participantes contar\u00e1n con el respaldo del gobierno capitalino.<br><\/p>\n\n\n\n<p>Como \u00fanica oradora del evento, Brugada Molina puntualiz\u00f3 que al formar la frase \u201cSiempre vivas, libres e iguales\u201d se manda un mensaje al mundo para decir fuerte y claro: \u201cNi un paso atr\u00e1s en los derechos de las mujeres\u201d.<br><\/p>\n\n\n\n<p>Remarc\u00f3 que la lucha feminista debe ser m\u00e1s fuerte y organizada frente a una agenda de regresi\u00f3n de derechos impulsada por la ultraderecha internacional.<br><\/p>\n\n\n\n<p>Por ello, garantiz\u00f3 que durante la movilizaci\u00f3n por el 8M la plancha del Z\u00f3calo capitalino se abraza la lucha de generaciones de mexicanas y mexicanos por un pa\u00eds mejor y m\u00e1s justo, pues la capital del pa\u00eds es la ciudad de los derechos y las libertades.<br><\/p>\n\n\n\n<p>Ante legisladoras, alcaldesas, funcionarias y miles de mujeres, la titular del Ejecutivo local record\u00f3 la lucha de las miles de obreras de f\u00e1bricas textiles de Estados Unidos, quienes hace m\u00e1s de 100 a\u00f1os tomaron las calles para alzar la voz y exigir jornadas laborales m\u00e1s cortas, salarios justos y condiciones dignas de trabajo; a quienes calific\u00f3 como pioneras de las movilizaciones de las mujeres organizadas que exig\u00edan igualdad y justicia.<br><\/p>\n\n\n\n<p>A\u00f1os m\u00e1s tarde, a\u00f1adi\u00f3, se propuso la creaci\u00f3n del D\u00eda Internacional de las Mujeres para visibilizar la lucha por el derecho al voto, la igualdad laboral y la participaci\u00f3n pol\u00edtica.<br><\/p>\n\n\n\n<p>Reiter\u00f3 que el 8 de marzo no se trata de una fecha para felicitar, sino de un d\u00eda de lucha, de memoria, de conmemoraci\u00f3n y de reivindicaci\u00f3n, para evaluar lo que las mujeres deben hacer para seguir ganando derechos en la sociedad.<br><\/p>\n\n\n\n<p>Destac\u00f3 que por primera vez en 200 a\u00f1os el pa\u00eds tiene a una mujer como presidenta, lo que significa un cambio profundo y de \u00e9poca con lo que se consolida el decir: \u201ces tiempo de mujeres\u201d.<br><\/p>\n\n\n\n<p>Adem\u00e1s, a\u00f1adi\u00f3 que la capital del pa\u00eds es una ciudad con pensamiento feminista de derechos y libertades, la capital de la igualdad que se siente parte del gran movimiento de liberaci\u00f3n de las mujeres.<br><\/p>\n\n\n\n<p>En la Ciudad de M\u00e9xico se implementan diversos programas sociales para las mujeres como el Mujeres Cuidadoras, Mujeres Sanas, Infancias Protegidas y tambi\u00e9n el programa Desde la Cuna; adem\u00e1s de la construcci\u00f3n de 334 kil\u00f3metros de Caminos de Mujeres Libres y Seguras; y la activaci\u00f3n de la Alerta de G\u00e9nero con 14 acciones; entidad donde en el \u00faltimo a\u00f1o se logr\u00f3 reducir en 35 por ciento el delito de feminicidio, donde a la fecha el 95 por ciento de responsables tienen \u00f3rdenes de aprehensi\u00f3n.<br><\/p>\n\n\n\n<p>La capital del pa\u00eds, adem\u00e1s, cuenta con reformas legislativas para fortalecer la lucha contra la violencia hacia las mujeres, por lo que Brugada Molina extern\u00f3 un agradecimiento a las y los diputados del Congreso local por las aprobaciones al aumento en las sanciones contra la violencia feminicida, familiar, abuso sexual, acoso sexual y acoso sexual digital. Y destac\u00f3 que en cuanto a la promoci\u00f3n de la salud su administraci\u00f3n se ha propuesto evitar las muertes por c\u00e1ncer de mama y cervicouterino en la Ciudad de M\u00e9xico.<\/p>\n","protected":false},"excerpt":{"rendered":"<p>-Cuatro mil mujeres participaron en la formaci\u00f3n del mensaje monumental en la Plaza de la Constituci\u00f3n, un signo de continuidad en la lucha de sus derechos. Con la participaci\u00f3n de 4 mil mujeres, la Jefa de Gobierno, Clara Brugada Molina, encabez\u00f3 la formaci\u00f3n del mensaje monumental y poderoso \u201cSiempre Vivas, Libres e Iguales #8M\u201d en [&hellip;]<\/p>\n","protected":false},"author":1,"featured_media":101214,"comment_status":"closed","ping_status":"closed","sticky":false,"template":"","format":"standard","meta":{"footnotes":""},"categories":[35,30],"tags":[],"class_list":["post-101211","post","type-post","status-publish","format-standard","has-post-thumbnail","hentry","category-cdmx","category-destacado"],"_links":{"self":[{"href":"https:\/\/elinformante.mx\/index.php?rest_route=\/wp\/v2\/posts\/101211","targetHints":{"allow":["GET"]}}],"collection":[{"href":"https:\/\/elinformante.mx\/index.php?rest_route=\/wp\/v2\/posts"}],"about":[{"href":"https:\/\/elinformante.mx\/index.php?rest_route=\/wp\/v2\/types\/post"}],"author":[{"embeddable":true,"href":"https:\/\/elinformante.mx\/index.php?rest_route=\/wp\/v2\/users\/1"}],"replies":[{"embeddable":true,"href":"https:\/\/elinformante.mx\/index.php?rest_route=%2Fwp%2Fv2%2Fcomments&post=101211"}],"version-history":[{"count":0,"href":"https:\/\/elinformante.mx\/index.php?rest_route=\/wp\/v2\/posts\/101211\/revisions"}],"wp:featuredmedia":[{"embeddable":true,"href":"https:\/\/elinformante.mx\/index.php?rest_route=\/wp\/v2\/media\/101214"}],"wp:attachment":[{"href":"https:\/\/elinformante.mx\/index.php?rest_route=%2Fwp%2Fv2%2Fmedia&parent=101211"}],"wp:term":[{"taxonomy":"category","embeddable":true,"href":"https:\/\/elinformante.mx\/index.php?rest_route=%2Fwp%2Fv2%2Fcategories&post=101211"},{"taxonomy":"post_tag","embeddable":true,"href":"https:\/\/elinformante.mx\/index.php?rest_route=%2Fwp%2Fv2%2Ftags&post=101211"}],"curies":[{"name":"wp","href":"https:\/\/api.w.org\/{rel}","templated":true}]}}