{"id":101215,"date":"2026-03-09T07:13:39","date_gmt":"2026-03-09T13:13:39","guid":{"rendered":"https:\/\/elinformante.mx\/?p=101215"},"modified":"2026-03-09T07:13:46","modified_gmt":"2026-03-09T13:13:46","slug":"es-tiempo-de-mujeres-y-q-roo-alza-la-voz-por-la-igualdad-sin-retrocesos-mara-lezama","status":"publish","type":"post","link":"https:\/\/elinformante.mx\/?p=101215","title":{"rendered":"Es tiempo de mujeres y Q. Roo alza la voz por la igualdad sin retrocesos: Mara Lezama"},"content":{"rendered":"\n<figure class=\"wp-block-pullquote\"><blockquote><p>-En el marco del 8M, Mara Lezama y Esther Burgos reivindican el liderazgo femenino.<\/p><\/blockquote><\/figure>\n\n\n\n<p class=\"has-drop-cap\">En el marco del D\u00eda Internacional de la Mujer, la gobernadora Mara Lezama Espinosa afirm\u00f3 que \u201ces tiempo de mujeres\u201d, al reivindicar la lucha hist\u00f3rica por la igualdad sustantiva y refrendar que en su administraci\u00f3n no habr\u00e1 retrocesos en la defensa de los derechos femeninos.<br><\/p>\n\n\n\n<p>Acompa\u00f1ada por Esther Burgos Jim\u00e9nez, titular de la Secretar\u00eda de las Mujeres (SEMUJERES), la gobernadora destac\u00f3 que el 8 de marzo no es solo una fecha de conmemoraci\u00f3n, sino un recordatorio de la lucha incansable de generaciones de mujeres que alzaron la voz aun cuando hacerlo implicaba arriesgar la vida o la libertad.<br><\/p>\n\n\n\n<p>Mara Lezama subray\u00f3 que el derecho a la igualdad sustantiva y a una vida libre de violencia est\u00e1 consagrado tanto en la Constituci\u00f3n federal como en la de Quintana Roo, lo que implica un deber reforzado del Estado para proteger y garantizar los derechos de mujeres, ni\u00f1as y adolescentes frente a una historia marcada por la desigualdad y la violencia.<br><\/p>\n\n\n\n<p>La gobernadora resalt\u00f3 que M\u00e9xico vive un momento hist\u00f3rico con el liderazgo de la primera mujer presidenta del pa\u00eds, Claudia Sheinbaum Pardo, Comandanta Suprema de las Fuerzas Armadas, a quien describi\u00f3 como cient\u00edfica, preparada y ejemplo de que el poder puede ejercerse con inteligencia, sensibilidad y visi\u00f3n transformadora.<br><\/p>\n\n\n\n<p>Esther Burgos subray\u00f3 que en Quintana Roo tambi\u00e9n se hace historia con la primera mujer gobernadora de la entidad y la mejor evaluada del pa\u00eds, lo que env\u00eda un mensaje poderoso a ni\u00f1as y j\u00f3venes: no hay techos que no puedan romperse ni metas inalcanzables.<br><\/p>\n\n\n\n<p>Mara Lezama sostuvo que gobernar con perspectiva de g\u00e9nero significa garantizar dignidad, autonom\u00eda y bienestar para cada mujer, sin importar su edad o lugar de origen.<br><\/p>\n\n\n\n<p>Reivindic\u00f3 la fuerza ancestral de las mujeres mayas, as\u00ed como reconoci\u00f3 el trabajo de mujeres en la hoteler\u00eda, trabajadoras del hogar, profesionistas, cient\u00edficas, acad\u00e9micas, emprendedoras y mujeres del campo que construyen bienestar y prosperidad compartida.<br><\/p>\n\n\n\n<p>La gobernadora de Quintana Roo cerr\u00f3 el mensaje con un llamado a continuar la transformaci\u00f3n desde la unidad y la sororidad: \u201cA quienes lucharon antes, a las mujeres del presente y a las ni\u00f1as del ma\u00f1ana, este es nuestro tiempo\u201d.<\/p>\n","protected":false},"excerpt":{"rendered":"<p>-En el marco del 8M, Mara Lezama y Esther Burgos reivindican el liderazgo femenino. En el marco del D\u00eda Internacional de la Mujer, la gobernadora Mara Lezama Espinosa afirm\u00f3 que \u201ces tiempo de mujeres\u201d, al reivindicar la lucha hist\u00f3rica por la igualdad sustantiva y refrendar que en su administraci\u00f3n no habr\u00e1 retrocesos en la defensa [&hellip;]<\/p>\n","protected":false},"author":1,"featured_media":101219,"comment_status":"closed","ping_status":"closed","sticky":false,"template":"","format":"standard","meta":{"footnotes":""},"categories":[30,34],"tags":[],"class_list":["post-101215","post","type-post","status-publish","format-standard","has-post-thumbnail","hentry","category-destacado","category-nacional"],"_links":{"self":[{"href":"https:\/\/elinformante.mx\/index.php?rest_route=\/wp\/v2\/posts\/101215","targetHints":{"allow":["GET"]}}],"collection":[{"href":"https:\/\/elinformante.mx\/index.php?rest_route=\/wp\/v2\/posts"}],"about":[{"href":"https:\/\/elinformante.mx\/index.php?rest_route=\/wp\/v2\/types\/post"}],"author":[{"embeddable":true,"href":"https:\/\/elinformante.mx\/index.php?rest_route=\/wp\/v2\/users\/1"}],"replies":[{"embeddable":true,"href":"https:\/\/elinformante.mx\/index.php?rest_route=%2Fwp%2Fv2%2Fcomments&post=101215"}],"version-history":[{"count":0,"href":"https:\/\/elinformante.mx\/index.php?rest_route=\/wp\/v2\/posts\/101215\/revisions"}],"wp:featuredmedia":[{"embeddable":true,"href":"https:\/\/elinformante.mx\/index.php?rest_route=\/wp\/v2\/media\/101219"}],"wp:attachment":[{"href":"https:\/\/elinformante.mx\/index.php?rest_route=%2Fwp%2Fv2%2Fmedia&parent=101215"}],"wp:term":[{"taxonomy":"category","embeddable":true,"href":"https:\/\/elinformante.mx\/index.php?rest_route=%2Fwp%2Fv2%2Fcategories&post=101215"},{"taxonomy":"post_tag","embeddable":true,"href":"https:\/\/elinformante.mx\/index.php?rest_route=%2Fwp%2Fv2%2Ftags&post=101215"}],"curies":[{"name":"wp","href":"https:\/\/api.w.org\/{rel}","templated":true}]}}