{"id":101218,"date":"2026-03-09T07:15:46","date_gmt":"2026-03-09T13:15:46","guid":{"rendered":"https:\/\/elinformante.mx\/?p=101218"},"modified":"2026-03-09T07:15:49","modified_gmt":"2026-03-09T13:15:49","slug":"en-mexico-se-trabaja-para-que-derechos-y-justicia-sean-palpables-para-las-mujeres-citlalli-hernandez","status":"publish","type":"post","link":"https:\/\/elinformante.mx\/?p=101218","title":{"rendered":"\u201cEn M\u00e9xico se trabaja para que derechos y justicia sean palpables para las mujeres\u201d: Citlalli Hern\u00e1ndez"},"content":{"rendered":"\n<figure class=\"wp-block-pullquote\"><blockquote><p>-La tarea de transformar la vida de las mujeres no recae en una sola Secretar\u00eda, sino que corresponde a todo el Estado mexicano.<\/p><\/blockquote><\/figure>\n\n\n\n<p class=\"has-drop-cap\">En el marco del 8 de marzo, D\u00eda Internacional de las Mujeres, la presidenta y comandanta suprema de las Fuerzas Armadas, Claudia Sheinbaum Pardo, encabez\u00f3 una hist\u00f3rica ceremonia conmemorativa en Campo Marte para reconocer la trayectoria de mujeres militares y de mujeres de diversos sectores que han dedicado su vida al servicio de la naci\u00f3n; a lo largo del mes se reconocer\u00e1 tambi\u00e9n el trabajo de otras mujeres provenientes de diversos \u00e1mbitos de la vida p\u00fablica.<br><\/p>\n\n\n\n<p>La secretaria de las Mujeres, Citlalli Hern\u00e1ndez Mora, destac\u00f3 el cambio profundo que vive el pa\u00eds, gracias al cual, dijo, hoy los derechos de las mexicanas deben ser salvaguardados por todo el aparato del Estado.<br><\/p>\n\n\n\n<p>\u201cLo m\u00e1s importante del tiempo que vivimos hoy es que la tarea de transformar la vida de las mujeres no es solo la de una Secretar\u00eda de Estado, sino la de todo el Estado mexicano asumiendo el principio constitucional de garantizar igualdad sustantiva, de prevenir, atender y combatir las violencias en contra de las mujeres\u201d, se\u00f1al\u00f3.<br><\/p>\n\n\n\n<p>Hern\u00e1ndez Mora destac\u00f3 el papel fundamental de las mujeres a lo largo de la historia. \u201cMe resulta importante visibilizar c\u00f3mo las mujeres mexicanas hemos estado presentes en cada momento decisivo de nuestra historia, incluso cuando la misma historia tard\u00f3 en escribirlo. Con la llegada de nuestra presidenta ha llegado tambi\u00e9n la existencia de quienes abrieron camino para nosotras\u201d, expres\u00f3.<br><\/p>\n\n\n\n<p>La funcionaria subray\u00f3 tambi\u00e9n que, gracias al trabajo de las mujeres en distintos \u00e1mbitos de la vida p\u00fablica, \u201choy las mexicanas sabemos que podemos ser gobernadoras, secretarias, presidentas, soldadas, generalas, capitanas y, despu\u00e9s de 200 a\u00f1os de historia, Comandantas Supremas de las Fuerzas Armadas\u201d. Subray\u00f3 tambi\u00e9n que hoy todo el aparato del Estado tiene el mandato de salvaguardar los derechos de ni\u00f1as, adolescentes y mujeres.<br><\/p>\n\n\n\n<p>Dirigi\u00e9ndose a las integrantes del Ej\u00e9rcito, la Fuerza A\u00e9rea y la Armada, la secretaria enfatiz\u00f3: \u201cSu presencia est\u00e1 cambiando la idea de lo que una mujer puede ser; ustedes est\u00e1n representando el anhelo de alguna ni\u00f1a que hoy tiene m\u00e1s certeza que cuando nosotras fuimos ni\u00f1as, que puede ser lo que quiera ser. La lucha por la igualdad tiene muchas trincheras y la historia de este pa\u00eds tambi\u00e9n se est\u00e1 escribiendo con su valent\u00eda\u201d.<br><\/p>\n\n\n\n<p>En el acto conmemorativo se entregaron reconocimientos a mujeres de diversos rangos, desde alumnas hasta generalas, as\u00ed como a destacadas figuras de la sociedad civil, en un mensaje de unidad y justicia social destacando que los derechos de las mexicanas est\u00e1n hoy en el centro de la vida p\u00fablica.<\/p>\n","protected":false},"excerpt":{"rendered":"<p>-La tarea de transformar la vida de las mujeres no recae en una sola Secretar\u00eda, sino que corresponde a todo el Estado mexicano. En el marco del 8 de marzo, D\u00eda Internacional de las Mujeres, la presidenta y comandanta suprema de las Fuerzas Armadas, Claudia Sheinbaum Pardo, encabez\u00f3 una hist\u00f3rica ceremonia conmemorativa en Campo Marte [&hellip;]<\/p>\n","protected":false},"author":1,"featured_media":101221,"comment_status":"closed","ping_status":"closed","sticky":false,"template":"","format":"standard","meta":{"footnotes":""},"categories":[34],"tags":[],"class_list":["post-101218","post","type-post","status-publish","format-standard","has-post-thumbnail","hentry","category-nacional"],"_links":{"self":[{"href":"https:\/\/elinformante.mx\/index.php?rest_route=\/wp\/v2\/posts\/101218","targetHints":{"allow":["GET"]}}],"collection":[{"href":"https:\/\/elinformante.mx\/index.php?rest_route=\/wp\/v2\/posts"}],"about":[{"href":"https:\/\/elinformante.mx\/index.php?rest_route=\/wp\/v2\/types\/post"}],"author":[{"embeddable":true,"href":"https:\/\/elinformante.mx\/index.php?rest_route=\/wp\/v2\/users\/1"}],"replies":[{"embeddable":true,"href":"https:\/\/elinformante.mx\/index.php?rest_route=%2Fwp%2Fv2%2Fcomments&post=101218"}],"version-history":[{"count":0,"href":"https:\/\/elinformante.mx\/index.php?rest_route=\/wp\/v2\/posts\/101218\/revisions"}],"wp:featuredmedia":[{"embeddable":true,"href":"https:\/\/elinformante.mx\/index.php?rest_route=\/wp\/v2\/media\/101221"}],"wp:attachment":[{"href":"https:\/\/elinformante.mx\/index.php?rest_route=%2Fwp%2Fv2%2Fmedia&parent=101218"}],"wp:term":[{"taxonomy":"category","embeddable":true,"href":"https:\/\/elinformante.mx\/index.php?rest_route=%2Fwp%2Fv2%2Fcategories&post=101218"},{"taxonomy":"post_tag","embeddable":true,"href":"https:\/\/elinformante.mx\/index.php?rest_route=%2Fwp%2Fv2%2Ftags&post=101218"}],"curies":[{"name":"wp","href":"https:\/\/api.w.org\/{rel}","templated":true}]}}