{"id":101220,"date":"2026-03-09T07:18:01","date_gmt":"2026-03-09T13:18:01","guid":{"rendered":"https:\/\/elinformante.mx\/?p=101220"},"modified":"2026-03-09T07:18:06","modified_gmt":"2026-03-09T13:18:06","slug":"reconoce-sheinbaum-el-trabajo-de-las-mujeres-en-las-fuerzas-armadas-en-el-8m","status":"publish","type":"post","link":"https:\/\/elinformante.mx\/?p=101220","title":{"rendered":"Reconoce Sheinbaum el trabajo de las mujeres en las Fuerzas Armadas en el 8M"},"content":{"rendered":"\n<figure class=\"wp-block-pullquote\"><blockquote><p>-Su presencia ha enriquecido la vida militar, demostrando que la igualdad es sumar capacidades, talentos y perspectivas para construir un pa\u00eds m\u00e1s fuerte.<\/p><\/blockquote><\/figure>\n\n\n\n<p class=\"has-drop-cap\">La presidenta de M\u00e9xico, Claudia Sheinbaum, reconoci\u00f3 en el D\u00eda Internacional de la Mujer (8M) la inclusi\u00f3n de la poblaci\u00f3n femenina en las Fuerzas Armadas como \u201cun paso hacia la igualdad\u201d y destac\u00f3 la importancia de nombrar a las mujeres en la historia para \u201cerradicar la violencia\u201d de g\u00e9nero.<br><\/p>\n\n\n\n<p>\u201cSu presencia ha enriquecido la vida militar y a M\u00e9xico, ha demostrado que la igualdad no significa reemplazar a nadie, sino sumar capacidades, talentos y perspectivas para construir un pa\u00eds m\u00e1s fuerte; cuando una mujer avanza, avanzamos todas\u201d, declar\u00f3 la mandataria durante el acto oficial realizado en Campo Marte, en la Ciudad de M\u00e9xico.<br><\/p>\n\n\n\n<p>Frente a cientos de elementos de las Fuerzas Armadas, la gobernante mexicana inst\u00f3 a seguir construyendo un pa\u00eds donde ninguna mujer tenga l\u00edmites y en el que la igualdad sea una realidad cotidiana.<br><\/p>\n\n\n\n<p>\u201cCuando reconocemos el valor de las mujeres en nuestra historia, en nuestro presente y en nuestro futuro, estamos construyendo un pa\u00eds m\u00e1s justo\u201d, expres\u00f3 tras haber dado lectura a los logros de 24 mexicanas en la historia, como: Leona Vicario, Rita Cetina, Josefa Ortiz T\u00e9llez-Gir\u00f3n.<br><\/p>\n\n\n\n<p>La mandataria, en su figura como comandante suprema de las Fuerzas Armadas tambi\u00e9n resalt\u00f3 el orgullo que representan las mujeres \u201ccon uniforme\u201d este 8M, al ser \u201cun ejemplo para las ni\u00f1as, familias y la naci\u00f3n\u201d.<br><\/p>\n\n\n\n<p>\u201cHoy muchas ni\u00f1as mexicanas ven a mujeres piloteando, dirigiendo unidades, participando en operaciones de protecci\u00f3n civil, apoyando a la poblaci\u00f3n en desastres naturales y tomando decisiones estrat\u00e9gicas, y esas ni\u00f1as entienden algo muy simb\u00f3lico: ellas tambi\u00e9n pueden hacerlo\u201d, a\u00f1adi\u00f3.<br><\/p>\n\n\n\n<p>Recalc\u00f3 que en su Gobierno se les est\u00e1 recordando a las ni\u00f1as \u201ctodo lo que pueden ser\u201d, desde presidentas hasta \u201cservir a las Fuerzas Armadas de M\u00e9xico\u201d.<br><\/p>\n\n\n\n<p>El secretario de la Defensa Nacional, general Ricardo Trevilla Trejo, ahond\u00f3 sobre el legado de las mexicanas en el Ej\u00e9rcito, quienes comenzaron a incorporarse a sus filas desde 1934, y que actualmente son 42.600, de las cuales 7.000 se han integrado en la administraci\u00f3n de Sheinbaum, quien asumi\u00f3 el cargo en octubre de 2024.<br><\/p>\n\n\n\n<p>Y a\u00f1adi\u00f3 que en este ciclo lectivo de 2026 se graduar\u00e1n 1.560 mujeres, lo que representa el mayor n\u00famero registrado en la historia del sistema educativo militar.<br><\/p>\n\n\n\n<p>La secretaria de las Mujeres, Citlalli Hern\u00e1ndez tambi\u00e9n record\u00f3 que este es el momento de la historia del pa\u00eds en el que \u201cm\u00e1s mujeres se encuentran en el ejercicio del poder\u201d y celebr\u00f3 que los espacios de las Fuerzas Armadas ya no sean espacios dominados por los hombres.<br><\/p>\n\n\n\n<p>Asimismo, enumer\u00f3 las \u201clas acciones que est\u00e1n transformando vidas\u201d en el marco de este Gobierno, como es la entrega de la Cartilla de Derechos de las Mujeres, la apertura de Centros Libres, \u201cdonde las mujeres encuentran asesor\u00eda jur\u00eddica y psicol\u00f3gica gratuita\u201d, y el funcionamiento de la L\u00ednea de las Mujeres.<\/p>\n","protected":false},"excerpt":{"rendered":"<p>-Su presencia ha enriquecido la vida militar, demostrando que la igualdad es sumar capacidades, talentos y perspectivas para construir un pa\u00eds m\u00e1s fuerte. La presidenta de M\u00e9xico, Claudia Sheinbaum, reconoci\u00f3 en el D\u00eda Internacional de la Mujer (8M) la inclusi\u00f3n de la poblaci\u00f3n femenina en las Fuerzas Armadas como \u201cun paso hacia la igualdad\u201d y [&hellip;]<\/p>\n","protected":false},"author":1,"featured_media":101223,"comment_status":"closed","ping_status":"closed","sticky":false,"template":"","format":"standard","meta":{"footnotes":""},"categories":[30,34],"tags":[],"class_list":["post-101220","post","type-post","status-publish","format-standard","has-post-thumbnail","hentry","category-destacado","category-nacional"],"_links":{"self":[{"href":"https:\/\/elinformante.mx\/index.php?rest_route=\/wp\/v2\/posts\/101220","targetHints":{"allow":["GET"]}}],"collection":[{"href":"https:\/\/elinformante.mx\/index.php?rest_route=\/wp\/v2\/posts"}],"about":[{"href":"https:\/\/elinformante.mx\/index.php?rest_route=\/wp\/v2\/types\/post"}],"author":[{"embeddable":true,"href":"https:\/\/elinformante.mx\/index.php?rest_route=\/wp\/v2\/users\/1"}],"replies":[{"embeddable":true,"href":"https:\/\/elinformante.mx\/index.php?rest_route=%2Fwp%2Fv2%2Fcomments&post=101220"}],"version-history":[{"count":0,"href":"https:\/\/elinformante.mx\/index.php?rest_route=\/wp\/v2\/posts\/101220\/revisions"}],"wp:featuredmedia":[{"embeddable":true,"href":"https:\/\/elinformante.mx\/index.php?rest_route=\/wp\/v2\/media\/101223"}],"wp:attachment":[{"href":"https:\/\/elinformante.mx\/index.php?rest_route=%2Fwp%2Fv2%2Fmedia&parent=101220"}],"wp:term":[{"taxonomy":"category","embeddable":true,"href":"https:\/\/elinformante.mx\/index.php?rest_route=%2Fwp%2Fv2%2Fcategories&post=101220"},{"taxonomy":"post_tag","embeddable":true,"href":"https:\/\/elinformante.mx\/index.php?rest_route=%2Fwp%2Fv2%2Ftags&post=101220"}],"curies":[{"name":"wp","href":"https:\/\/api.w.org\/{rel}","templated":true}]}}