{"id":101224,"date":"2026-03-09T07:39:05","date_gmt":"2026-03-09T13:39:05","guid":{"rendered":"https:\/\/elinformante.mx\/?p=101224"},"modified":"2026-03-09T07:39:15","modified_gmt":"2026-03-09T13:39:15","slug":"marchan-miles-de-mujeres-en-todo-el-pais-por-el-8m","status":"publish","type":"post","link":"https:\/\/elinformante.mx\/?p=101224","title":{"rendered":"MARCHAN MILES DE MUJERES EN TODO EL PA\u00cdS POR EL 8M"},"content":{"rendered":"\n<figure class=\"wp-block-pullquote\"><blockquote><p>-Cada a\u00f1o adolescentes y j\u00f3venes se suman a la movilizaci\u00f3n en M\u00e9xico, donde siete de cada diez mujeres han sufrido alg\u00fan tipo de violencia.<\/p><\/blockquote><\/figure>\n\n\n\n<p class=\"has-drop-cap\">Este 8 de marzo, en el marco del D\u00eda Internacional de la Mujer, diversas colectivas feministas realizan movilizaciones en distintos puntos del pa\u00eds.<br><\/p>\n\n\n\n<p>De acuerdo a las cifras, en M\u00e9xico unas diez mujeres son asesinadas cada d\u00eda, una tendencia constante en la \u00faltima d\u00e9cada.<br><\/p>\n\n\n\n<p>Solo en 2025 se registraron 2.798 asesinatos de mujeres, de los cuales 725 se investigan como feminicidio, es decir, cr\u00edmenes por razones de g\u00e9nero.<br><\/p>\n\n\n\n<p>Organizaciones civiles advierten que muchas muertes violentas no se investigan como feminicidio y alertan sobre otras formas de violencia persistentes, como las desapariciones, en un pa\u00eds con m\u00e1s de 130.000 personas desaparecidas; una cuarta parte son mujeres.<br><\/p>\n\n\n\n<figure class=\"wp-block-image size-large\"><img fetchpriority=\"high\" decoding=\"async\" width=\"1024\" height=\"506\" src=\"https:\/\/elinformante.mx\/wp-content\/uploads\/2026\/03\/9miles-2-1024x506.jpg\" alt=\"\" class=\"wp-image-101228\" srcset=\"https:\/\/elinformante.mx\/wp-content\/uploads\/2026\/03\/9miles-2-1024x506.jpg 1024w, https:\/\/elinformante.mx\/wp-content\/uploads\/2026\/03\/9miles-2-300x148.jpg 300w, https:\/\/elinformante.mx\/wp-content\/uploads\/2026\/03\/9miles-2-768x379.jpg 768w, https:\/\/elinformante.mx\/wp-content\/uploads\/2026\/03\/9miles-2.jpg 1140w\" sizes=\"(max-width: 1024px) 100vw, 1024px\" \/><\/figure>\n\n\n\n<h2 class=\"wp-block-heading\">CDMX<br><\/h2>\n\n\n\n<p>Las miles de mujeres que tomaron las calles de la Ciudad de M\u00e9xico en el D\u00eda Internacional de la Mujer marcharon entre carteles con consignas como \u201cNo llegamos todas\u201d y \u201cNi una hija menos, ni una madre rota m\u00e1s\u201d, \u201cSomos el coraz\u00f3n de las que ya no laten\u201d, para denunciar la violencia machista en un pa\u00eds donde alrededor de diez mujeres son asesinadas cada d\u00eda.<br><\/p>\n\n\n\n<p>Entre la multitud, adolescentes que marchan por primera vez se mezclan con mujeres que llevan a\u00f1os participando en el 8M, en una movilizaci\u00f3n que ocurre por segundo a\u00f1o con Claudia Sheinbaum como presidenta de M\u00e9xico.<br><\/p>\n\n\n\n<p>Muchas adolescentes y j\u00f3venes se suman cada a\u00f1o a la movilizaci\u00f3n feminista en M\u00e9xico, un pa\u00eds donde siete de cada diez mujeres de 15 a\u00f1os o m\u00e1s han sufrido alg\u00fan tipo de violencia, seg\u00fan el Instituto Nacional de Estad\u00edstica y Geograf\u00eda (Inegi).<br><\/p>\n\n\n\n<p>La protesta tambi\u00e9n se desarrolla nuevamente con edificios del Centro Hist\u00f3rico protegidos por vallas met\u00e1licas, una medida aplicada en los \u00faltimos a\u00f1os durante las marchas feministas con el argumento oficial de resguardar inmuebles hist\u00f3ricos. A la protesta se sumaron diversidades de mujeres, como las integrantes de la comunidad de lenguaje de se\u00f1as, quienes advirtieron que las violencias que atraviesan son muchas veces las m\u00e1s invisibilizadas.<br><\/p>\n\n\n\n<figure class=\"wp-block-image size-large\"><img decoding=\"async\" width=\"1024\" height=\"506\" src=\"https:\/\/elinformante.mx\/wp-content\/uploads\/2026\/03\/9miles-4-1024x506.jpg\" alt=\"\" class=\"wp-image-101229\" srcset=\"https:\/\/elinformante.mx\/wp-content\/uploads\/2026\/03\/9miles-4-1024x506.jpg 1024w, https:\/\/elinformante.mx\/wp-content\/uploads\/2026\/03\/9miles-4-300x148.jpg 300w, https:\/\/elinformante.mx\/wp-content\/uploads\/2026\/03\/9miles-4-768x379.jpg 768w, https:\/\/elinformante.mx\/wp-content\/uploads\/2026\/03\/9miles-4.jpg 1140w\" sizes=\"(max-width: 1024px) 100vw, 1024px\" \/><\/figure>\n\n\n\n<h2 class=\"wp-block-heading\">MERIDA<br><\/h2>\n\n\n\n<p>M\u00e1s de seis mil mujeres participaron en la movilizaci\u00f3n por el D\u00eda Internacional de la Mujer en M\u00e9rida, donde las calles del centro se llenaron de pa\u00f1uelos y consignas moradas.<br><\/p>\n\n\n\n<p>Durante el recorrido, las manifestantes exigieron seguridad, justicia y respeto a los derechos de las mujeres, adem\u00e1s de recordar a v\u00edctimas de violencia de g\u00e9nero y acompa\u00f1ar a familiares que contin\u00faan en b\u00fasqueda de justicia.<br><\/p>\n\n\n\n<h2 class=\"wp-block-heading\">LE\u00d3N<br><\/h2>\n\n\n\n<p>Miles de mujeres salieron a las calles de Le\u00f3n durante la conmemoraci\u00f3n del D\u00eda Internacional de la Mujer, con consignas como \u201cGuanajuato feminicida\u201d para denunciar la violencia contra las mujeres. Protestas similares tambi\u00e9n se registraron en otros municipios del estado, como Salamanca, Irapuato y Celaya.<br><\/p>\n\n\n\n<figure class=\"wp-block-image size-large\"><img decoding=\"async\" width=\"1024\" height=\"506\" src=\"https:\/\/elinformante.mx\/wp-content\/uploads\/2026\/03\/9miles-5-1024x506.jpg\" alt=\"\" class=\"wp-image-101230\" srcset=\"https:\/\/elinformante.mx\/wp-content\/uploads\/2026\/03\/9miles-5-1024x506.jpg 1024w, https:\/\/elinformante.mx\/wp-content\/uploads\/2026\/03\/9miles-5-300x148.jpg 300w, https:\/\/elinformante.mx\/wp-content\/uploads\/2026\/03\/9miles-5-768x379.jpg 768w, https:\/\/elinformante.mx\/wp-content\/uploads\/2026\/03\/9miles-5.jpg 1140w\" sizes=\"(max-width: 1024px) 100vw, 1024px\" \/><\/figure>\n\n\n\n<h2 class=\"wp-block-heading\">GUADALAJARA<br><\/h2>\n\n\n\n<p>M\u00e1s de 12 mil mujeres participaron en las movilizaciones por el D\u00eda Internacional de la Mujer en Guadalajara, de acuerdo con estimaciones del Gobierno de Jalisco.<br><\/p>\n\n\n\n<h2 class=\"wp-block-heading\">MORELIA<br><\/h2>\n\n\n\n<p>Integrantes del llamado \u201cbloque negro\u201d realizaron pintas y rompieron vidrios en los edificios de la Secretar\u00eda de Turismo de Michoac\u00e1n y la Facultad de Derecho de la Universidad Michoacana durante la marcha por el D\u00eda Internacional de la Mujer en Morelia.<br><\/p>\n\n\n\n<h2 class=\"wp-block-heading\">GUERRERO<br><\/h2>\n\n\n\n<figure class=\"wp-block-image size-large\"><img loading=\"lazy\" decoding=\"async\" width=\"1024\" height=\"506\" src=\"https:\/\/elinformante.mx\/wp-content\/uploads\/2026\/03\/9miles-6-1024x506.jpg\" alt=\"\" class=\"wp-image-101231\" srcset=\"https:\/\/elinformante.mx\/wp-content\/uploads\/2026\/03\/9miles-6-1024x506.jpg 1024w, https:\/\/elinformante.mx\/wp-content\/uploads\/2026\/03\/9miles-6-300x148.jpg 300w, https:\/\/elinformante.mx\/wp-content\/uploads\/2026\/03\/9miles-6-768x379.jpg 768w, https:\/\/elinformante.mx\/wp-content\/uploads\/2026\/03\/9miles-6.jpg 1140w\" sizes=\"(max-width: 1024px) 100vw, 1024px\" \/><\/figure>\n\n\n\n<p>En otra movilizaci\u00f3n del 8M, manifestantes quemaron una pi\u00f1ata con el rostro del senador F\u00e9lix Salgado Macedonio frente al Palacio de Gobierno en Chilpancingo, mientras coreaban la consigna: \u201cUn violador no ser\u00e1 gobernador\u201d.<br><\/p>\n\n\n\n<h2 class=\"wp-block-heading\">ZACATECAS<br><\/h2>\n\n\n\n<p>M\u00e1s de dos mil mujeres marcharon en Zacatecas durante la conmemoraci\u00f3n del D\u00eda Internacional de la Mujer para exigir el fin de la violencia de g\u00e9nero y el respeto a sus derechos.<br><\/p>\n\n\n\n<h2 class=\"wp-block-heading\">TOLUCA<br><\/h2>\n\n\n\n<p>Miles de mujeres participaron en la movilizaci\u00f3n por el D\u00eda Internacional de la Mujer en Toluca, donde tomaron las calles con pancartas, pa\u00f1uelos morados y consignas para exigir justicia, igualdad y un alto a la violencia contra las mujeres.<br><\/p>\n\n\n\n<figure class=\"wp-block-image size-large\"><img loading=\"lazy\" decoding=\"async\" width=\"1024\" height=\"506\" src=\"https:\/\/elinformante.mx\/wp-content\/uploads\/2026\/03\/9miles-7-1024x506.jpg\" alt=\"\" class=\"wp-image-101232\" srcset=\"https:\/\/elinformante.mx\/wp-content\/uploads\/2026\/03\/9miles-7-1024x506.jpg 1024w, https:\/\/elinformante.mx\/wp-content\/uploads\/2026\/03\/9miles-7-300x148.jpg 300w, https:\/\/elinformante.mx\/wp-content\/uploads\/2026\/03\/9miles-7-768x379.jpg 768w, https:\/\/elinformante.mx\/wp-content\/uploads\/2026\/03\/9miles-7.jpg 1140w\" sizes=\"(max-width: 1024px) 100vw, 1024px\" \/><\/figure>\n\n\n\n<p>Los contingentes comenzaron a reunirse en el Jard\u00edn Sim\u00f3n Bol\u00edvar y posteriormente avanzaron por las principales avenidas de la capital mexiquense. La marcha fue encabezada por estudiantes, madres de v\u00edctimas y familias que portaban fotograf\u00edas de mujeres desaparecidas o v\u00edctimas de feminicidio.<br><\/p>\n\n\n\n<h2 class=\"wp-block-heading\">OAXACA<br><\/h2>\n\n\n\n<p>M\u00e1s de tres mil mujeres marchan en Oaxaca de Ju\u00e1rez para conmemorar el D\u00eda Internacional de la Mujer y exigir acciones contra la violencia feminicida. La movilizaci\u00f3n parti\u00f3 de la Fuente de las Ocho Regiones rumbo al Palacio de Gobierno.<br><\/p>\n\n\n\n<h2 class=\"wp-block-heading\">MORELOS<br><\/h2>\n\n\n\n<p>Tras el pronunciamiento realizado al concluir la marcha por el D\u00eda Internacional de la Mujer, integrantes del llamado \u201cbloque negro\u201d intentaron retirar las vallas colocadas alrededor del Palacio de Gobierno de Morelos, utilizando lazos, palos y piedras.<\/p>\n\n\n\n<figure class=\"wp-block-image size-large\"><img loading=\"lazy\" decoding=\"async\" width=\"1024\" height=\"506\" src=\"https:\/\/elinformante.mx\/wp-content\/uploads\/2026\/03\/9miles-8-1024x506.jpg\" alt=\"\" class=\"wp-image-101233\" srcset=\"https:\/\/elinformante.mx\/wp-content\/uploads\/2026\/03\/9miles-8-1024x506.jpg 1024w, https:\/\/elinformante.mx\/wp-content\/uploads\/2026\/03\/9miles-8-300x148.jpg 300w, https:\/\/elinformante.mx\/wp-content\/uploads\/2026\/03\/9miles-8-768x379.jpg 768w, https:\/\/elinformante.mx\/wp-content\/uploads\/2026\/03\/9miles-8.jpg 1140w\" sizes=\"(max-width: 1024px) 100vw, 1024px\" \/><\/figure>\n","protected":false},"excerpt":{"rendered":"<p>-Cada a\u00f1o adolescentes y j\u00f3venes se suman a la movilizaci\u00f3n en M\u00e9xico, donde siete de cada diez mujeres han sufrido alg\u00fan tipo de violencia. Este 8 de marzo, en el marco del D\u00eda Internacional de la Mujer, diversas colectivas feministas realizan movilizaciones en distintos puntos del pa\u00eds. De acuerdo a las cifras, en M\u00e9xico unas [&hellip;]<\/p>\n","protected":false},"author":1,"featured_media":101227,"comment_status":"closed","ping_status":"closed","sticky":false,"template":"","format":"standard","meta":{"footnotes":""},"categories":[30,34,31],"tags":[47],"class_list":["post-101224","post","type-post","status-publish","format-standard","has-post-thumbnail","hentry","category-destacado","category-nacional","category-portada","tag-portadanacional"],"_links":{"self":[{"href":"https:\/\/elinformante.mx\/index.php?rest_route=\/wp\/v2\/posts\/101224","targetHints":{"allow":["GET"]}}],"collection":[{"href":"https:\/\/elinformante.mx\/index.php?rest_route=\/wp\/v2\/posts"}],"about":[{"href":"https:\/\/elinformante.mx\/index.php?rest_route=\/wp\/v2\/types\/post"}],"author":[{"embeddable":true,"href":"https:\/\/elinformante.mx\/index.php?rest_route=\/wp\/v2\/users\/1"}],"replies":[{"embeddable":true,"href":"https:\/\/elinformante.mx\/index.php?rest_route=%2Fwp%2Fv2%2Fcomments&post=101224"}],"version-history":[{"count":0,"href":"https:\/\/elinformante.mx\/index.php?rest_route=\/wp\/v2\/posts\/101224\/revisions"}],"wp:featuredmedia":[{"embeddable":true,"href":"https:\/\/elinformante.mx\/index.php?rest_route=\/wp\/v2\/media\/101227"}],"wp:attachment":[{"href":"https:\/\/elinformante.mx\/index.php?rest_route=%2Fwp%2Fv2%2Fmedia&parent=101224"}],"wp:term":[{"taxonomy":"category","embeddable":true,"href":"https:\/\/elinformante.mx\/index.php?rest_route=%2Fwp%2Fv2%2Fcategories&post=101224"},{"taxonomy":"post_tag","embeddable":true,"href":"https:\/\/elinformante.mx\/index.php?rest_route=%2Fwp%2Fv2%2Ftags&post=101224"}],"curies":[{"name":"wp","href":"https:\/\/api.w.org\/{rel}","templated":true}]}}