{"id":101236,"date":"2026-03-09T13:55:39","date_gmt":"2026-03-09T19:55:39","guid":{"rendered":"https:\/\/elinformante.mx\/?p=101236"},"modified":"2026-03-09T13:55:47","modified_gmt":"2026-03-09T19:55:47","slug":"mas-de-9-mil-mujeres-marchan-en-edomex-por-el-8m-autoridades-reportan-saldo-blanco","status":"publish","type":"post","link":"https:\/\/elinformante.mx\/?p=101236","title":{"rendered":"M\u00c1S DE 9 MIL MUJERES MARCHAN EN EDOM\u00c9X POR EL 8M; AUTORIDADES REPORTAN SALDO BLANCO"},"content":{"rendered":"\n<p>El Gobierno del Estado de M\u00e9xico inform\u00f3 que las movilizaciones realizadas con motivo del <strong>D\u00eda Internacional de la Mujer<\/strong> concluyeron con <strong>saldo blanco<\/strong>, tras la participaci\u00f3n de m\u00e1s de <strong>9 mil 700 mujeres<\/strong> en distintos municipios de la entidad.<\/p>\n\n\n\n<p>De acuerdo con las autoridades estatales, la gobernadora <strong>Delfina G\u00f3mez \u00c1lvarez<\/strong> instruy\u00f3 el despliegue de un operativo de acompa\u00f1amiento para garantizar la seguridad de las manifestantes, as\u00ed como el respeto a la libre manifestaci\u00f3n y a los derechos humanos. Para ello se instal\u00f3 un puesto de mando interinstitucional en el <strong>Centro de Control, Comando, Comunicaci\u00f3n, C\u00f3mputo y Calidad (C5)<\/strong> con sedes en Toluca y Ecatepec.<\/p>\n\n\n\n<p>Las movilizaciones se registraron en municipios como <strong>Toluca, Ecatepec, Tlalnepantla, Ixtapaluca, Huixquilucan, Chalco, Lerma, Teotihuac\u00e1n y San Mateo Atenco<\/strong>, entre otros. En la capital mexiquense se concentr\u00f3 el mayor n\u00famero de participantes, con <strong>6 mil 042 asistentes<\/strong>.<\/p>\n\n\n\n<p>Durante las marchas, la <strong>Secretar\u00eda de Seguridad del Estado de M\u00e9xico<\/strong>, la <strong>Secretar\u00eda General de Gobierno<\/strong> y la <strong>Secretar\u00eda de las Mujeres<\/strong> desplegaron las denominadas <strong>\u201cBrigadas Violeta\u201d<\/strong>, integradas por personal femenino capacitado para brindar acompa\u00f1amiento a colectivas feministas y vigilar la integridad de las participantes.<\/p>\n\n\n\n<p>Asimismo, <strong>Protecci\u00f3n Civil estatal y el Servicio de Urgencias del Estado de M\u00e9xico (SUEM)<\/strong> desplegaron ambulancias y personal m\u00e9dico para atender posibles emergencias, mientras que el <strong>DIFEM<\/strong> acompa\u00f1\u00f3 a menores de edad que participaron en las manifestaciones. Los pliegos petitorios de las colectivas fueron recibidos por personal de la Secretar\u00eda General de Gobierno.<\/p>\n","protected":false},"excerpt":{"rendered":"<p>El Gobierno del Estado de M\u00e9xico inform\u00f3 que las movilizaciones realizadas con motivo del D\u00eda Internacional de la Mujer concluyeron con saldo blanco, tras la participaci\u00f3n de m\u00e1s de 9 mil 700 mujeres en distintos municipios de la entidad. De acuerdo con las autoridades estatales, la gobernadora Delfina G\u00f3mez \u00c1lvarez instruy\u00f3 el despliegue de un [&hellip;]<\/p>\n","protected":false},"author":2,"featured_media":101237,"comment_status":"closed","ping_status":"closed","sticky":false,"template":"","format":"standard","meta":{"footnotes":""},"categories":[36,31],"tags":[],"class_list":["post-101236","post","type-post","status-publish","format-standard","has-post-thumbnail","hentry","category-edomex","category-portada"],"_links":{"self":[{"href":"https:\/\/elinformante.mx\/index.php?rest_route=\/wp\/v2\/posts\/101236","targetHints":{"allow":["GET"]}}],"collection":[{"href":"https:\/\/elinformante.mx\/index.php?rest_route=\/wp\/v2\/posts"}],"about":[{"href":"https:\/\/elinformante.mx\/index.php?rest_route=\/wp\/v2\/types\/post"}],"author":[{"embeddable":true,"href":"https:\/\/elinformante.mx\/index.php?rest_route=\/wp\/v2\/users\/2"}],"replies":[{"embeddable":true,"href":"https:\/\/elinformante.mx\/index.php?rest_route=%2Fwp%2Fv2%2Fcomments&post=101236"}],"version-history":[{"count":0,"href":"https:\/\/elinformante.mx\/index.php?rest_route=\/wp\/v2\/posts\/101236\/revisions"}],"wp:featuredmedia":[{"embeddable":true,"href":"https:\/\/elinformante.mx\/index.php?rest_route=\/wp\/v2\/media\/101237"}],"wp:attachment":[{"href":"https:\/\/elinformante.mx\/index.php?rest_route=%2Fwp%2Fv2%2Fmedia&parent=101236"}],"wp:term":[{"taxonomy":"category","embeddable":true,"href":"https:\/\/elinformante.mx\/index.php?rest_route=%2Fwp%2Fv2%2Fcategories&post=101236"},{"taxonomy":"post_tag","embeddable":true,"href":"https:\/\/elinformante.mx\/index.php?rest_route=%2Fwp%2Fv2%2Ftags&post=101236"}],"curies":[{"name":"wp","href":"https:\/\/api.w.org\/{rel}","templated":true}]}}