{"id":101238,"date":"2026-03-09T14:14:46","date_gmt":"2026-03-09T20:14:46","guid":{"rendered":"https:\/\/elinformante.mx\/?p=101238"},"modified":"2026-03-09T14:15:10","modified_gmt":"2026-03-09T20:15:10","slug":"checo-perez-y-liam-lawson-desatan-polemica-en-el-gp-de-australia-2026","status":"publish","type":"post","link":"https:\/\/elinformante.mx\/?p=101238","title":{"rendered":"Checo P\u00e9rez y Liam Lawson desatan pol\u00e9mica en el GP de Australia 2026"},"content":{"rendered":"\n<p>El Gran Premio de Australia 2026 dej\u00f3 uno de los momentos m\u00e1s comentados de la carrera cuando el piloto mexicano Sergio \u201cCheco\u201d P\u00e9rez protagoniz\u00f3 un intenso duelo con el neozeland\u00e9s Liam Lawson en el circuito de Albert Park. La maniobra ocurri\u00f3 en las primeras vueltas mientras ambos peleaban por posiciones en la parte media del pelot\u00f3n.<\/p>\n\n\n\n<p>El incidente se produjo cuando Lawson intent\u00f3 adelantar por el exterior en la Curva 3 mientras disputaban la posici\u00f3n 16. P\u00e9rez defendi\u00f3 su l\u00ednea de carrera y ambos monoplazas tuvieron un ligero contacto, lo que gener\u00f3 reclamos inmediatos y llev\u00f3 a los comisarios a revisar la acci\u00f3n tras finalizar la carrera.<\/p>\n\n\n\n<p>Despu\u00e9s de analizar las c\u00e1maras a bordo y el material del circuito, los comisarios de la FIA concluyeron que la maniobra del piloto mexicano fue legal. De acuerdo con el reglamento, el coche de Lawson no ten\u00eda la posici\u00f3n suficiente en el \u00e1pice de la curva para exigir espacio, por lo que P\u00e9rez ten\u00eda derecho a mantener su trayectoria.<\/p>\n\n\n\n<p>Tras la carrera, Lawson expres\u00f3 su molestia y se\u00f1al\u00f3 que la defensa del mexicano hab\u00eda sido excesiva para la posici\u00f3n que estaban disputando. Incluso insinu\u00f3 que el incidente podr\u00eda estar relacionado con un episodio previo entre ambos pilotos ocurrido a\u00f1os atr\u00e1s en el Gran Premio de M\u00e9xico.<\/p>\n\n\n\n<p>Por su parte, Checo P\u00e9rez minimiz\u00f3 la pol\u00e9mica y asegur\u00f3 que la maniobra form\u00f3 parte de la competencia normal en la F\u00f3rmula 1. El piloto mexicano afirm\u00f3 que simplemente estaba defendiendo su posici\u00f3n en pista y calific\u00f3 el duelo como parte natural de una carrera.<\/p>\n","protected":false},"excerpt":{"rendered":"<p>El Gran Premio de Australia 2026 dej\u00f3 uno de los momentos m\u00e1s comentados de la carrera cuando el piloto mexicano Sergio \u201cCheco\u201d P\u00e9rez protagoniz\u00f3 un intenso duelo con el neozeland\u00e9s Liam Lawson en el circuito de Albert Park. La maniobra ocurri\u00f3 en las primeras vueltas mientras ambos peleaban por posiciones en la parte media del [&hellip;]<\/p>\n","protected":false},"author":2,"featured_media":101239,"comment_status":"closed","ping_status":"closed","sticky":false,"template":"","format":"standard","meta":{"footnotes":""},"categories":[1],"tags":[],"class_list":["post-101238","post","type-post","status-publish","format-standard","has-post-thumbnail","hentry","category-sin-categoria"],"_links":{"self":[{"href":"https:\/\/elinformante.mx\/index.php?rest_route=\/wp\/v2\/posts\/101238","targetHints":{"allow":["GET"]}}],"collection":[{"href":"https:\/\/elinformante.mx\/index.php?rest_route=\/wp\/v2\/posts"}],"about":[{"href":"https:\/\/elinformante.mx\/index.php?rest_route=\/wp\/v2\/types\/post"}],"author":[{"embeddable":true,"href":"https:\/\/elinformante.mx\/index.php?rest_route=\/wp\/v2\/users\/2"}],"replies":[{"embeddable":true,"href":"https:\/\/elinformante.mx\/index.php?rest_route=%2Fwp%2Fv2%2Fcomments&post=101238"}],"version-history":[{"count":0,"href":"https:\/\/elinformante.mx\/index.php?rest_route=\/wp\/v2\/posts\/101238\/revisions"}],"wp:featuredmedia":[{"embeddable":true,"href":"https:\/\/elinformante.mx\/index.php?rest_route=\/wp\/v2\/media\/101239"}],"wp:attachment":[{"href":"https:\/\/elinformante.mx\/index.php?rest_route=%2Fwp%2Fv2%2Fmedia&parent=101238"}],"wp:term":[{"taxonomy":"category","embeddable":true,"href":"https:\/\/elinformante.mx\/index.php?rest_route=%2Fwp%2Fv2%2Fcategories&post=101238"},{"taxonomy":"post_tag","embeddable":true,"href":"https:\/\/elinformante.mx\/index.php?rest_route=%2Fwp%2Fv2%2Ftags&post=101238"}],"curies":[{"name":"wp","href":"https:\/\/api.w.org\/{rel}","templated":true}]}}