{"id":101240,"date":"2026-03-09T16:22:17","date_gmt":"2026-03-09T22:22:17","guid":{"rendered":"https:\/\/elinformante.mx\/?p=101240"},"modified":"2026-03-09T16:22:19","modified_gmt":"2026-03-09T22:22:19","slug":"pepe-aguilar-respalda-a-angela-aguilar-en-el-8m-y-critica-el-odio-en-redes","status":"publish","type":"post","link":"https:\/\/elinformante.mx\/?p=101240","title":{"rendered":"Pepe Aguilar respalda a \u00c1ngela Aguilar en el 8M y critica el odio en redes"},"content":{"rendered":"\n<p>El cantante Pepe Aguilar expres\u00f3 p\u00fablicamente su respaldo a su hija \u00c1ngela Aguilar durante la conmemoraci\u00f3n del D\u00eda Internacional de la Mujer, luego de compartir una publicaci\u00f3n relacionada con el 8M que cuestiona el odio que muchas mujeres enfrentan en redes sociales. El gesto del artista se interpret\u00f3 como un mensaje ante las cr\u00edticas que la joven cantante ha recibido en los \u00faltimos meses.<\/p>\n\n\n\n<p>La publicaci\u00f3n difundida por \u00c1ngela Aguilar consist\u00eda en una imagen con un mensaje sobre la sororidad y la contradicci\u00f3n que, seg\u00fan el texto, existe entre exigir respeto para las mujeres y al mismo tiempo celebrar la humillaci\u00f3n de otras en internet. El mensaje se\u00f1ala que si la igualdad se defiende en las calles pero se rompe en redes sociales, entonces el concepto de respeto y apoyo entre mujeres no est\u00e1 siendo comprendido plenamente.<\/p>\n\n\n\n<p>Pepe Aguilar decidi\u00f3 repostear la imagen en sus redes sociales, lo que fue interpretado por seguidores como una muestra de apoyo hacia su hija, quien ha sido objeto de constantes comentarios y cr\u00edticas desde que su relaci\u00f3n y posterior matrimonio con el cantante Christian Nodal se hizo p\u00fablico.<\/p>\n\n\n\n<p>Desde entonces, \u00c1ngela Aguilar ha enfrentado comentarios sobre su vida personal, su imagen y su carrera art\u00edstica. La cantante ha reconocido en distintas ocasiones que la presi\u00f3n y las cr\u00edticas en redes sociales han afectado su bienestar emocional, lo que la llev\u00f3 a buscar apoyo profesional para manejar la situaci\u00f3n.<\/p>\n\n\n\n<p>En semanas recientes, la artista tambi\u00e9n ha compartido reflexiones sobre la importancia de rodearse de personas que le brinden apoyo y mantener su bienestar emocional. Aunque ha considerado reducir su exposici\u00f3n en algunas plataformas, \u00c1ngela Aguilar asegur\u00f3 que continuar\u00e1 compartiendo su vida y su m\u00fasica con el p\u00fablico.<\/p>\n","protected":false},"excerpt":{"rendered":"<p>El cantante Pepe Aguilar expres\u00f3 p\u00fablicamente su respaldo a su hija \u00c1ngela Aguilar durante la conmemoraci\u00f3n del D\u00eda Internacional de la Mujer, luego de compartir una publicaci\u00f3n relacionada con el 8M que cuestiona el odio que muchas mujeres enfrentan en redes sociales. El gesto del artista se interpret\u00f3 como un mensaje ante las cr\u00edticas que [&hellip;]<\/p>\n","protected":false},"author":2,"featured_media":101241,"comment_status":"closed","ping_status":"closed","sticky":false,"template":"","format":"standard","meta":{"footnotes":""},"categories":[1],"tags":[],"class_list":["post-101240","post","type-post","status-publish","format-standard","has-post-thumbnail","hentry","category-sin-categoria"],"_links":{"self":[{"href":"https:\/\/elinformante.mx\/index.php?rest_route=\/wp\/v2\/posts\/101240","targetHints":{"allow":["GET"]}}],"collection":[{"href":"https:\/\/elinformante.mx\/index.php?rest_route=\/wp\/v2\/posts"}],"about":[{"href":"https:\/\/elinformante.mx\/index.php?rest_route=\/wp\/v2\/types\/post"}],"author":[{"embeddable":true,"href":"https:\/\/elinformante.mx\/index.php?rest_route=\/wp\/v2\/users\/2"}],"replies":[{"embeddable":true,"href":"https:\/\/elinformante.mx\/index.php?rest_route=%2Fwp%2Fv2%2Fcomments&post=101240"}],"version-history":[{"count":0,"href":"https:\/\/elinformante.mx\/index.php?rest_route=\/wp\/v2\/posts\/101240\/revisions"}],"wp:featuredmedia":[{"embeddable":true,"href":"https:\/\/elinformante.mx\/index.php?rest_route=\/wp\/v2\/media\/101241"}],"wp:attachment":[{"href":"https:\/\/elinformante.mx\/index.php?rest_route=%2Fwp%2Fv2%2Fmedia&parent=101240"}],"wp:term":[{"taxonomy":"category","embeddable":true,"href":"https:\/\/elinformante.mx\/index.php?rest_route=%2Fwp%2Fv2%2Fcategories&post=101240"},{"taxonomy":"post_tag","embeddable":true,"href":"https:\/\/elinformante.mx\/index.php?rest_route=%2Fwp%2Fv2%2Ftags&post=101240"}],"curies":[{"name":"wp","href":"https:\/\/api.w.org\/{rel}","templated":true}]}}