{"id":101245,"date":"2026-03-09T17:45:31","date_gmt":"2026-03-09T23:45:31","guid":{"rendered":"https:\/\/elinformante.mx\/?p=101245"},"modified":"2026-03-09T17:45:34","modified_gmt":"2026-03-09T23:45:34","slug":"malagon-admite-deuda-con-america-y-promete-volver-a-su-mejor-nivel","status":"publish","type":"post","link":"https:\/\/elinformante.mx\/?p=101245","title":{"rendered":"Malag\u00f3n admite deuda con Am\u00e9rica y promete volver a su mejor nivel"},"content":{"rendered":"\n<p>El portero del Club Am\u00e9rica, Luis \u00c1ngel Malag\u00f3n, reconoci\u00f3 que atraviesa un momento complicado tras haber sido suplente en el \u00faltimo partido del equipo. El guardameta azulcrema fue autocr\u00edtico y asegur\u00f3 que trabaja para recuperar el nivel que lo consolid\u00f3 como titular tanto en el club como en la Selecci\u00f3n Mexicana.<\/p>\n\n\n\n<p>El arquero se\u00f1al\u00f3 que se encuentra en un proceso de reconstrucci\u00f3n personal y profesional, con el objetivo de regresar a su mejor versi\u00f3n. Malag\u00f3n admiti\u00f3 que el futbol tiene altibajos, pero afirm\u00f3 que la \u00fanica forma de superarlos es con trabajo constante y manteniendo la confianza en sus capacidades.<\/p>\n\n\n\n<p>Adem\u00e1s, expres\u00f3 que se siente \u201cen deuda\u201d con el Am\u00e9rica y con la afici\u00f3n, por lo que respeta las decisiones del t\u00e9cnico Andr\u00e9 Jardine respecto a la competencia interna por la porter\u00eda. El guardameta destac\u00f3 que dentro del plantel existe una competencia sana y que todos los jugadores est\u00e1n preparados para responder cuando el equipo lo necesite.<\/p>\n\n\n\n<p>Malag\u00f3n tambi\u00e9n subray\u00f3 que el plantel est\u00e1 enfocado en conquistar la Copa de Campeones de la Concacaf, un t\u00edtulo que el club busca recuperar tras varios a\u00f1os sin conseguirlo. Para el portero, ganar ese torneo ser\u00eda una forma importante de responder a la exigencia de la instituci\u00f3n.<\/p>\n\n\n\n<p>De cara al duelo ante el Philadelphia Union en los octavos de final, el arquero mexicano destac\u00f3 la importancia de obtener un buen resultado como visitante. El objetivo del Am\u00e9rica, dijo, ser\u00e1 mantener solidez defensiva, evitar goles en contra y regresar a M\u00e9xico con ventaja para el partido de vuelta.<\/p>\n","protected":false},"excerpt":{"rendered":"<p>El portero del Club Am\u00e9rica, Luis \u00c1ngel Malag\u00f3n, reconoci\u00f3 que atraviesa un momento complicado tras haber sido suplente en el \u00faltimo partido del equipo. El guardameta azulcrema fue autocr\u00edtico y asegur\u00f3 que trabaja para recuperar el nivel que lo consolid\u00f3 como titular tanto en el club como en la Selecci\u00f3n Mexicana. El arquero se\u00f1al\u00f3 que [&hellip;]<\/p>\n","protected":false},"author":2,"featured_media":101246,"comment_status":"closed","ping_status":"closed","sticky":false,"template":"","format":"standard","meta":{"footnotes":""},"categories":[1],"tags":[],"class_list":["post-101245","post","type-post","status-publish","format-standard","has-post-thumbnail","hentry","category-sin-categoria"],"_links":{"self":[{"href":"https:\/\/elinformante.mx\/index.php?rest_route=\/wp\/v2\/posts\/101245","targetHints":{"allow":["GET"]}}],"collection":[{"href":"https:\/\/elinformante.mx\/index.php?rest_route=\/wp\/v2\/posts"}],"about":[{"href":"https:\/\/elinformante.mx\/index.php?rest_route=\/wp\/v2\/types\/post"}],"author":[{"embeddable":true,"href":"https:\/\/elinformante.mx\/index.php?rest_route=\/wp\/v2\/users\/2"}],"replies":[{"embeddable":true,"href":"https:\/\/elinformante.mx\/index.php?rest_route=%2Fwp%2Fv2%2Fcomments&post=101245"}],"version-history":[{"count":0,"href":"https:\/\/elinformante.mx\/index.php?rest_route=\/wp\/v2\/posts\/101245\/revisions"}],"wp:featuredmedia":[{"embeddable":true,"href":"https:\/\/elinformante.mx\/index.php?rest_route=\/wp\/v2\/media\/101246"}],"wp:attachment":[{"href":"https:\/\/elinformante.mx\/index.php?rest_route=%2Fwp%2Fv2%2Fmedia&parent=101245"}],"wp:term":[{"taxonomy":"category","embeddable":true,"href":"https:\/\/elinformante.mx\/index.php?rest_route=%2Fwp%2Fv2%2Fcategories&post=101245"},{"taxonomy":"post_tag","embeddable":true,"href":"https:\/\/elinformante.mx\/index.php?rest_route=%2Fwp%2Fv2%2Ftags&post=101245"}],"curies":[{"name":"wp","href":"https:\/\/api.w.org\/{rel}","templated":true}]}}