{"id":101255,"date":"2026-03-10T05:39:42","date_gmt":"2026-03-10T11:39:42","guid":{"rendered":"https:\/\/elinformante.mx\/?p=101255"},"modified":"2026-03-10T05:39:50","modified_gmt":"2026-03-10T11:39:50","slug":"neymar-es-incluido-en-la-lista-preliminar-de-la-seleccion-de-brasil","status":"publish","type":"post","link":"https:\/\/elinformante.mx\/?p=101255","title":{"rendered":"Neymar es incluido en la lista preliminar de la selecci\u00f3n de Brasil"},"content":{"rendered":"\n<figure class=\"wp-block-pullquote\"><blockquote><p>-El atacante no juega desde octubre de 2023 con el seleccionado auriverde.<\/p><\/blockquote><\/figure>\n\n\n\n<p class=\"has-drop-cap\">A tres meses de que comience la Copa del Mundo Norteam\u00e9rica 2026, resurgi\u00f3 la posibilidad de que Neymar sea convocado al torneo de la FIFA, luego de que fue incluido en la lista preliminar para los amistosos a finales de este mes. No obstante, ser\u00e1 hasta la pr\u00f3xima semana que se confirme si ser\u00e1 tomado en cuenta.<br><\/p>\n\n\n\n<p>Al igual que Neymar, Endrick tambi\u00e9n est\u00e1 en la \u00f3rbita de Carlo Ancelotti para los amistosos que la Selecci\u00f3n de Brasil tendr\u00e1 ante Francia (26 de marzo) y Croacia (31 de marzo) en Estados Unidos. En ambos casos, si son llamados oficialmente, podr\u00eda ser su \u00faltima oportunidad de ganarse un lugar en la lista mundialista.<br><\/p>\n\n\n\n<p>Desde que Ancelotti asumi\u00f3 las riendas de la Verdeamarela, una de las principales inc\u00f3gnitas es si el jugador de Santos ser\u00e1 tomado en cuenta para el Mundial 2026. El t\u00e9cnico italiano ha externado que depender\u00e1 de lo sano que est\u00e9 el futbolista, a quien las lesiones le han impedido retomar su mejor nivel, tanto con Al Hilal como con Santos, y por supuesto con la selecci\u00f3n.<br><\/p>\n\n\n\n<p>A ra\u00edz de la lesi\u00f3n de Rodrygo, la Confederaci\u00f3n Brasile\u00f1a de F\u00fatbol (CBF) ha replanteado sus opciones. Seg\u00fan los reportes de la prensa internacional, Igor Thiago, de Brentford, y Richarlison, de Tottenham, son dos jugadores que llevan la delantera para ser llamados con la Canarinha, y Vitor Roque tambi\u00e9n est\u00e1 entre las alternativas principales.<br><\/p>\n\n\n\n<p>Pero la baja prolongada del jugador del Real Madrid obliga a mirar otras opciones y de ah\u00ed la oportunidad para Neymar o Endrick. En el caso del primero, seg\u00fan reportes, se le condicion\u00f3 es que est\u00e9 en tono y buen momento f\u00edsico, luego de su m\u00e1s reciente operaci\u00f3n de la rodilla, la cual precisamente lo dej\u00f3 fuera de la \u00faltima lista de Ancelotti en noviembre del a\u00f1o pasado.<br><\/p>\n\n\n\n<p>Desde el 18 de octubre de 2023, en la cuarta jornada de las eliminatorias de Conmebol rumbo a la Copa Mundial, Neymar no ha jugado con su selecci\u00f3n. En aquella derrota 2-0 contra la Selecci\u00f3n de Uruguay, comenz\u00f3 como titular pero sali\u00f3 de cambio al final del primer tiempo por una rotura de ligamentos; Richarlison fue el encargado de reemplazarlo en el compromiso celebrado en el Estadio Centenario.<br><\/p>\n\n\n\n<p>Ancelotti se mantendr\u00e1 al mando de la Selecci\u00f3n Brasile\u00f1a | MEXSPORT<br><\/p>\n\n\n\n<p>Desde entonces, entre amistosos, eliminatorias sudamericanas y la Copa Am\u00e9rica 2024, Brasil ha disputado 26 partidos sin \u201cNey\u201d, quien a nivel de clubes se ha perdido 91 compromisos en ese periodo de tiempo. Ahora, con el inicio del Mundial 2026 tan cerca, el atacante de 34 a\u00f1os tendr\u00e1 que apretar el paso para meterse en la lista final de Ancelotti.<\/p>\n","protected":false},"excerpt":{"rendered":"<p>-El atacante no juega desde octubre de 2023 con el seleccionado auriverde. A tres meses de que comience la Copa del Mundo Norteam\u00e9rica 2026, resurgi\u00f3 la posibilidad de que Neymar sea convocado al torneo de la FIFA, luego de que fue incluido en la lista preliminar para los amistosos a finales de este mes. No [&hellip;]<\/p>\n","protected":false},"author":1,"featured_media":101258,"comment_status":"closed","ping_status":"closed","sticky":false,"template":"","format":"standard","meta":{"footnotes":""},"categories":[38],"tags":[],"class_list":["post-101255","post","type-post","status-publish","format-standard","has-post-thumbnail","hentry","category-deportes"],"_links":{"self":[{"href":"https:\/\/elinformante.mx\/index.php?rest_route=\/wp\/v2\/posts\/101255","targetHints":{"allow":["GET"]}}],"collection":[{"href":"https:\/\/elinformante.mx\/index.php?rest_route=\/wp\/v2\/posts"}],"about":[{"href":"https:\/\/elinformante.mx\/index.php?rest_route=\/wp\/v2\/types\/post"}],"author":[{"embeddable":true,"href":"https:\/\/elinformante.mx\/index.php?rest_route=\/wp\/v2\/users\/1"}],"replies":[{"embeddable":true,"href":"https:\/\/elinformante.mx\/index.php?rest_route=%2Fwp%2Fv2%2Fcomments&post=101255"}],"version-history":[{"count":0,"href":"https:\/\/elinformante.mx\/index.php?rest_route=\/wp\/v2\/posts\/101255\/revisions"}],"wp:featuredmedia":[{"embeddable":true,"href":"https:\/\/elinformante.mx\/index.php?rest_route=\/wp\/v2\/media\/101258"}],"wp:attachment":[{"href":"https:\/\/elinformante.mx\/index.php?rest_route=%2Fwp%2Fv2%2Fmedia&parent=101255"}],"wp:term":[{"taxonomy":"category","embeddable":true,"href":"https:\/\/elinformante.mx\/index.php?rest_route=%2Fwp%2Fv2%2Fcategories&post=101255"},{"taxonomy":"post_tag","embeddable":true,"href":"https:\/\/elinformante.mx\/index.php?rest_route=%2Fwp%2Fv2%2Ftags&post=101255"}],"curies":[{"name":"wp","href":"https:\/\/api.w.org\/{rel}","templated":true}]}}