{"id":101263,"date":"2026-03-10T05:50:31","date_gmt":"2026-03-10T11:50:31","guid":{"rendered":"https:\/\/elinformante.mx\/?p=101263"},"modified":"2026-03-10T05:50:35","modified_gmt":"2026-03-10T11:50:35","slug":"encabeza-saray-benitez-carrera-atletica-seguridad-con-equidad-conmemorando-el-8m","status":"publish","type":"post","link":"https:\/\/elinformante.mx\/?p=101263","title":{"rendered":"Encabeza Saray Ben\u00edtez carrera atl\u00e9tica \u201cSeguridad con Equidad\u201d conmemorando el 8M"},"content":{"rendered":"\n<figure class=\"wp-block-pullquote\"><blockquote><p>-La edil destac\u00f3 que estas actividades no solo fomentan la salud f\u00edsica, sino que funcionan como un espacio de reflexi\u00f3n sobre el papel fundamental de la mujer en la sociedad actual.<\/p><\/blockquote><\/figure>\n\n\n\n<p class=\"has-drop-cap\">En el marco del D\u00eda Internacional de la Mujer, la presidenta municipal, Saray Ben\u00edtez Espinoza, encabez\u00f3 el inicio de la semana con la carrera atl\u00e9tica \u201cSeguridad con Equidad\u201d, un evento dise\u00f1ado para reconocer la fuerza y la participaci\u00f3n activa de las mujeres en la vida p\u00fablica del municipio.<br><\/p>\n\n\n\n<p>Durante el encuentro deportivo, la edil destac\u00f3 que estas actividades no solo fomentan la salud f\u00edsica, sino que funcionan como un espacio de reflexi\u00f3n sobre el papel fundamental de la mujer en la sociedad actual.<br><\/p>\n\n\n\n<figure class=\"wp-block-image size-large\"><img fetchpriority=\"high\" decoding=\"async\" width=\"1024\" height=\"506\" src=\"https:\/\/elinformante.mx\/wp-content\/uploads\/2026\/03\/13mexi-3-1024x506.jpg\" alt=\"\" class=\"wp-image-101267\" srcset=\"https:\/\/elinformante.mx\/wp-content\/uploads\/2026\/03\/13mexi-3-1024x506.jpg 1024w, https:\/\/elinformante.mx\/wp-content\/uploads\/2026\/03\/13mexi-3-300x148.jpg 300w, https:\/\/elinformante.mx\/wp-content\/uploads\/2026\/03\/13mexi-3-768x379.jpg 768w, https:\/\/elinformante.mx\/wp-content\/uploads\/2026\/03\/13mexi-3.jpg 1140w\" sizes=\"(max-width: 1024px) 100vw, 1024px\" \/><\/figure>\n\n\n\n<p>\u201cA trav\u00e9s del deporte reafirmamos nuestro compromiso de promover la igualdad, el respeto y, sobre todo, una vida libre de violencia para todas\u201d, expres\u00f3 Ben\u00edtez Espinoza ante las y los participantes.<br><\/p>\n\n\n\n<p>La jornada deportiva simboliza el esfuerzo continuo de la administraci\u00f3n actual por construir un Mexicaltzingo m\u00e1s seguro y con perspectiva de g\u00e9nero. Bajo el lema de avanzar juntos por una sociedad m\u00e1s justa, la presidenta municipal reiter\u00f3 que su gesti\u00f3n seguir\u00e1 impulsando pol\u00edticas p\u00fablicas que garanticen la inclusi\u00f3n y la equidad en cada rinc\u00f3n del municipio.<br><\/p>\n\n\n\n<p>Con esta carrera, el Ayuntamiento de Mexicaltzingo da inicio a una serie de acciones que buscan empoderar a la ciudadan\u00eda y fortalecer el tejido social a trav\u00e9s del reconocimiento y el respeto mutuo.<\/p>\n","protected":false},"excerpt":{"rendered":"<p>-La edil destac\u00f3 que estas actividades no solo fomentan la salud f\u00edsica, sino que funcionan como un espacio de reflexi\u00f3n sobre el papel fundamental de la mujer en la sociedad actual. En el marco del D\u00eda Internacional de la Mujer, la presidenta municipal, Saray Ben\u00edtez Espinoza, encabez\u00f3 el inicio de la semana con la carrera [&hellip;]<\/p>\n","protected":false},"author":1,"featured_media":101266,"comment_status":"closed","ping_status":"closed","sticky":false,"template":"","format":"standard","meta":{"footnotes":""},"categories":[30,36],"tags":[],"class_list":["post-101263","post","type-post","status-publish","format-standard","has-post-thumbnail","hentry","category-destacado","category-edomex"],"_links":{"self":[{"href":"https:\/\/elinformante.mx\/index.php?rest_route=\/wp\/v2\/posts\/101263","targetHints":{"allow":["GET"]}}],"collection":[{"href":"https:\/\/elinformante.mx\/index.php?rest_route=\/wp\/v2\/posts"}],"about":[{"href":"https:\/\/elinformante.mx\/index.php?rest_route=\/wp\/v2\/types\/post"}],"author":[{"embeddable":true,"href":"https:\/\/elinformante.mx\/index.php?rest_route=\/wp\/v2\/users\/1"}],"replies":[{"embeddable":true,"href":"https:\/\/elinformante.mx\/index.php?rest_route=%2Fwp%2Fv2%2Fcomments&post=101263"}],"version-history":[{"count":0,"href":"https:\/\/elinformante.mx\/index.php?rest_route=\/wp\/v2\/posts\/101263\/revisions"}],"wp:featuredmedia":[{"embeddable":true,"href":"https:\/\/elinformante.mx\/index.php?rest_route=\/wp\/v2\/media\/101266"}],"wp:attachment":[{"href":"https:\/\/elinformante.mx\/index.php?rest_route=%2Fwp%2Fv2%2Fmedia&parent=101263"}],"wp:term":[{"taxonomy":"category","embeddable":true,"href":"https:\/\/elinformante.mx\/index.php?rest_route=%2Fwp%2Fv2%2Fcategories&post=101263"},{"taxonomy":"post_tag","embeddable":true,"href":"https:\/\/elinformante.mx\/index.php?rest_route=%2Fwp%2Fv2%2Ftags&post=101263"}],"curies":[{"name":"wp","href":"https:\/\/api.w.org\/{rel}","templated":true}]}}