{"id":101268,"date":"2026-03-10T05:54:31","date_gmt":"2026-03-10T11:54:31","guid":{"rendered":"https:\/\/elinformante.mx\/?p=101268"},"modified":"2026-03-10T05:54:41","modified_gmt":"2026-03-10T11:54:41","slug":"anuncia-isaac-montoya-megainversion-para-rescatar-espacios-comunitarios-en-la-era-casas-viejas","status":"publish","type":"post","link":"https:\/\/elinformante.mx\/?p=101268","title":{"rendered":"Anuncia Isaac Montoya megainversi\u00f3n para rescatar espacios comunitarios en La Era Casas Viejas"},"content":{"rendered":"\n<figure class=\"wp-block-pullquote\"><blockquote><p>-Reiter\u00f3 ante vecinos que este programa naci\u00f3 con el prop\u00f3sito de transformar y mejorar los espacios p\u00fablicos y comunitarios en todo el municipio.<\/p><\/blockquote><\/figure>\n\n\n\n<p class=\"has-drop-cap\">El presidente municipal de Naucalpan, Isaac Montoya M\u00e1rquez, afirm\u00f3 que el municipio est\u00e1 en proceso de transformaci\u00f3n, y para su gobierno no existen ciudadanos de primera, ni de segunda ni de tercera.<br><\/p>\n\n\n\n<p>As\u00ed lo se\u00f1al\u00f3 al entregar la instalaci\u00f3n o reposici\u00f3n de luminarias, bacheo, retiro de 11 toneladas de basura y rescate de canchas de basquetbol y futbol, acciones que fueron realizadas por trabajadores del Gobierno de Naucalpan, en la comunidad de La Era Casas Viejas.<br><\/p>\n\n\n\n<p>Reiter\u00f3 ante vecinos que este programa naci\u00f3 con el prop\u00f3sito de transformar y mejorar los espacios p\u00fablicos y comunitarios en todo el municipio. Record\u00f3 que visit\u00f3 esta zona antes de ser presidente municipal, donde pudo atender temas como el puente y los desazolves.<br><\/p>\n\n\n\n<p>Destac\u00f3 que, gracias a un manejo sano y responsable de las finanzas p\u00fablicas, los recursos se destinan a lo que verdaderamente necesita la ciudadan\u00eda: obra p\u00fablica, seguridad y programas sociales.<br><\/p>\n\n\n\n<p>Enfatiz\u00f3 que en el primer a\u00f1o de su administraci\u00f3n se destinaron mil millones de pesos a obra p\u00fablica, superando los 700 millones de pesos que la administraci\u00f3n anterior invirti\u00f3 durante todo su trienio.<br><\/p>\n\n\n\n<figure class=\"wp-block-image size-large\"><img fetchpriority=\"high\" decoding=\"async\" width=\"1024\" height=\"506\" src=\"https:\/\/elinformante.mx\/wp-content\/uploads\/2026\/03\/12naucalpan-2-2-1024x506.jpg\" alt=\"\" class=\"wp-image-101273\" srcset=\"https:\/\/elinformante.mx\/wp-content\/uploads\/2026\/03\/12naucalpan-2-2-1024x506.jpg 1024w, https:\/\/elinformante.mx\/wp-content\/uploads\/2026\/03\/12naucalpan-2-2-300x148.jpg 300w, https:\/\/elinformante.mx\/wp-content\/uploads\/2026\/03\/12naucalpan-2-2-768x379.jpg 768w, https:\/\/elinformante.mx\/wp-content\/uploads\/2026\/03\/12naucalpan-2-2.jpg 1140w\" sizes=\"(max-width: 1024px) 100vw, 1024px\" \/><\/figure>\n\n\n\n<p>Montoya M\u00e1rquez adelant\u00f3 que la inversi\u00f3n continuar\u00e1 creciendo para impulsar obras que mejoren la calidad de vida de las y los naucalpenses, entre ellas la rehabilitaci\u00f3n integral del Perif\u00e9rico Norte, la vialidad Luis Donaldo Colosio, Minas Palacio, as\u00ed como el Mexicable, proyecto impulsado por el Gobierno del Estado de M\u00e9xico que encabeza la gobernadora Delfina G\u00f3mez \u00c1lvarez.<br><\/p>\n\n\n\n<p>Mencion\u00f3 que entre las obras destacadas para esta zona se encuentra el Par Vial de San Mateo, una de las intervenciones m\u00e1s importantes que realizar\u00e1 el gobierno municipal.<br><\/p>\n\n\n\n<p>Resalt\u00f3 que estas obras son posibles gracias al uso eficiente de los recursos p\u00fablicos, lo que tambi\u00e9n ha permitido fortalecer la seguridad y otros proyectos estrat\u00e9gicos para el municipio.<br><\/p>\n\n\n\n<p>Agreg\u00f3 que su administraci\u00f3n trabaja en la conexi\u00f3n de puntos estrat\u00e9gicos mediante Senderos seguros y mejor infraestructura urbana.<br><\/p>\n\n\n\n<p>Al entregar la rehabilitaci\u00f3n de este espacio recuperado y convertido en cancha de b\u00e1squetbol y f\u00fatbol, se inform\u00f3 que el lugar ahora cuenta con malla cicl\u00f3nica y est\u00e1 listo para que ni\u00f1os y j\u00f3venes practiquen deportes.<br><\/p>\n\n\n\n<p>El espacio fue intervenido por el muralista urbano Canek Leyva, quien realiz\u00f3 un mural que da nueva vida a este punto. Tambi\u00e9n realizaron trabajos de mejora urbana en la zona.<\/p>\n","protected":false},"excerpt":{"rendered":"<p>-Reiter\u00f3 ante vecinos que este programa naci\u00f3 con el prop\u00f3sito de transformar y mejorar los espacios p\u00fablicos y comunitarios en todo el municipio. El presidente municipal de Naucalpan, Isaac Montoya M\u00e1rquez, afirm\u00f3 que el municipio est\u00e1 en proceso de transformaci\u00f3n, y para su gobierno no existen ciudadanos de primera, ni de segunda ni de tercera. [&hellip;]<\/p>\n","protected":false},"author":1,"featured_media":101272,"comment_status":"closed","ping_status":"closed","sticky":false,"template":"","format":"standard","meta":{"footnotes":""},"categories":[30,36],"tags":[],"class_list":["post-101268","post","type-post","status-publish","format-standard","has-post-thumbnail","hentry","category-destacado","category-edomex"],"_links":{"self":[{"href":"https:\/\/elinformante.mx\/index.php?rest_route=\/wp\/v2\/posts\/101268","targetHints":{"allow":["GET"]}}],"collection":[{"href":"https:\/\/elinformante.mx\/index.php?rest_route=\/wp\/v2\/posts"}],"about":[{"href":"https:\/\/elinformante.mx\/index.php?rest_route=\/wp\/v2\/types\/post"}],"author":[{"embeddable":true,"href":"https:\/\/elinformante.mx\/index.php?rest_route=\/wp\/v2\/users\/1"}],"replies":[{"embeddable":true,"href":"https:\/\/elinformante.mx\/index.php?rest_route=%2Fwp%2Fv2%2Fcomments&post=101268"}],"version-history":[{"count":0,"href":"https:\/\/elinformante.mx\/index.php?rest_route=\/wp\/v2\/posts\/101268\/revisions"}],"wp:featuredmedia":[{"embeddable":true,"href":"https:\/\/elinformante.mx\/index.php?rest_route=\/wp\/v2\/media\/101272"}],"wp:attachment":[{"href":"https:\/\/elinformante.mx\/index.php?rest_route=%2Fwp%2Fv2%2Fmedia&parent=101268"}],"wp:term":[{"taxonomy":"category","embeddable":true,"href":"https:\/\/elinformante.mx\/index.php?rest_route=%2Fwp%2Fv2%2Fcategories&post=101268"},{"taxonomy":"post_tag","embeddable":true,"href":"https:\/\/elinformante.mx\/index.php?rest_route=%2Fwp%2Fv2%2Ftags&post=101268"}],"curies":[{"name":"wp","href":"https:\/\/api.w.org\/{rel}","templated":true}]}}