{"id":101271,"date":"2026-03-10T06:04:44","date_gmt":"2026-03-10T12:04:44","guid":{"rendered":"https:\/\/elinformante.mx\/?p=101271"},"modified":"2026-03-10T06:04:48","modified_gmt":"2026-03-10T12:04:48","slug":"entrega-fernando-flores-casa-de-dia-en-san-miguel-totocuitlapilco","status":"publish","type":"post","link":"https:\/\/elinformante.mx\/?p=101271","title":{"rendered":"Entrega Fernando Flores Casa de D\u00eda en San Miguel Totocuitlapilco"},"content":{"rendered":"\n<figure class=\"wp-block-pullquote\"><blockquote><p>-La obra beneficiar\u00e1 directamente a m\u00e1s de nueve mil habitantes de la zona y cuenta con instalaciones nuevas.<\/p><\/blockquote><\/figure>\n\n\n\n<p class=\"has-drop-cap\">Con el objetivo de fortalecer la atenci\u00f3n y mejorar la calidad de vida de las personas adultas mayores, el presidente municipal Fernando Flores Fern\u00e1ndez, acompa\u00f1ado de la presidenta honoraria del Sistema DIF municipal, Ira\u00ed Albarr\u00e1n Segura, inaugur\u00f3 la nueva Casa de D\u00eda en la comunidad de San Miguel Totocuitlapilco.<br><\/p>\n\n\n\n<p>Flores Fern\u00e1ndez se\u00f1al\u00f3 que este nuevo espacio, destinado a brindar atenci\u00f3n integral, socializaci\u00f3n y cuidados durante el d\u00eda a la poblaci\u00f3n de la tercera edad, forma parte de las acciones del gobierno municipal para fortalecer la inclusi\u00f3n y el bienestar de este sector.<br><\/p>\n\n\n\n<p>Estas nuevas instalaciones permitir\u00e1n que los adultos mayores cuenten con un lugar digno para convivir, realizar actividades recreativas y acceder a servicios de apoyo que contribuyan a mejorar su calidad de vida.<br><\/p>\n\n\n\n<p>El edil destac\u00f3 que esta Casa de D\u00eda, la n\u00famero 14 que opera en el municipio, representa un esfuerzo por ofrecer espacios funcionales, accesibles e incluyentes donde las personas mayores puedan desarrollarse plenamente con la atenci\u00f3n de personal especializado.<br><\/p>\n\n\n\n<p>\u201cEste espacio est\u00e1 pensado para brindar atenci\u00f3n, actividades y mejores condiciones para nuestras y nuestros abuelitos. En Metepec seguimos trabajando para construir una ciudad que cuida, respeta y valora a sus adultos mayores\u201d, expres\u00f3 el edil ante vecinos de la comunidad.<br><\/p>\n\n\n\n<p>La obra beneficiar\u00e1 directamente a m\u00e1s de nueve mil habitantes de la zona y cuenta con instalaciones nuevas que incluyen consultorio m\u00e9dico, \u00e1rea de usos m\u00faltiples, cocina, sanitarios y espacios dise\u00f1ados para la convivencia y la atenci\u00f3n diaria de los usuarios.<br><\/p>\n\n\n\n<p>Reconoci\u00f3 el papel fundamental de las personas mayores en la construcci\u00f3n de la sociedad actual. \u201cUstedes son quienes levantaron nuestras calles, quienes formaron nuestras familias, quienes ense\u00f1aron con su ejemplo el valor del trabajo, de la dignidad y los principios que todos los seres humanos debemos preservar\u201d, se\u00f1al\u00f3.<br><\/p>\n\n\n\n<p>El presidente municipal reiter\u00f3 que en breve se anunciar\u00e1 la instalaci\u00f3n de una cl\u00ednica con especialidades que estar\u00e1 abierta al p\u00fablico, particularmente para atender a los habitantes de este pueblo originario.<br><\/p>\n\n\n\n<p>La presidenta honoraria del DIF municipal, Ira\u00ed Albarr\u00e1n Segura, destac\u00f3 que la inauguraci\u00f3n de la Casa de D\u00eda representa la consolidaci\u00f3n de un proyecto largamente esperado por la comunidad.<br><\/p>\n\n\n\n<p>\u201cHoy es un d\u00eda muy especial y lleno de alegr\u00eda porque por fin se abren las puertas de esta Casa de D\u00eda donde convivir\u00e1n tres clubes de adultos mayores. Es un sue\u00f1o que durante 32 a\u00f1os se hab\u00eda solicitado y que hoy es una realidad\u201d, expres\u00f3.<br><\/p>\n\n\n\n<p>El inmueble rehabilitado cuenta con consultorio m\u00e9dico y se encuentra conectado al comedor comunitario, lo que permitir\u00e1 complementar la atenci\u00f3n a los usuarios. Para su construcci\u00f3n y adecuaci\u00f3n se destin\u00f3 una inversi\u00f3n aproximada de un mill\u00f3n 490 mil pesos.<br><\/p>\n\n\n\n<p>En este espacio, tres clubes de la tercera edad realizar\u00e1n actividades permanentes orientadas al bienestar f\u00edsico, emocional y social de sus integrantes.<\/p>\n","protected":false},"excerpt":{"rendered":"<p>-La obra beneficiar\u00e1 directamente a m\u00e1s de nueve mil habitantes de la zona y cuenta con instalaciones nuevas. Con el objetivo de fortalecer la atenci\u00f3n y mejorar la calidad de vida de las personas adultas mayores, el presidente municipal Fernando Flores Fern\u00e1ndez, acompa\u00f1ado de la presidenta honoraria del Sistema DIF municipal, Ira\u00ed Albarr\u00e1n Segura, inaugur\u00f3 [&hellip;]<\/p>\n","protected":false},"author":1,"featured_media":101275,"comment_status":"closed","ping_status":"closed","sticky":false,"template":"","format":"standard","meta":{"footnotes":""},"categories":[36],"tags":[],"class_list":["post-101271","post","type-post","status-publish","format-standard","has-post-thumbnail","hentry","category-edomex"],"_links":{"self":[{"href":"https:\/\/elinformante.mx\/index.php?rest_route=\/wp\/v2\/posts\/101271","targetHints":{"allow":["GET"]}}],"collection":[{"href":"https:\/\/elinformante.mx\/index.php?rest_route=\/wp\/v2\/posts"}],"about":[{"href":"https:\/\/elinformante.mx\/index.php?rest_route=\/wp\/v2\/types\/post"}],"author":[{"embeddable":true,"href":"https:\/\/elinformante.mx\/index.php?rest_route=\/wp\/v2\/users\/1"}],"replies":[{"embeddable":true,"href":"https:\/\/elinformante.mx\/index.php?rest_route=%2Fwp%2Fv2%2Fcomments&post=101271"}],"version-history":[{"count":0,"href":"https:\/\/elinformante.mx\/index.php?rest_route=\/wp\/v2\/posts\/101271\/revisions"}],"wp:featuredmedia":[{"embeddable":true,"href":"https:\/\/elinformante.mx\/index.php?rest_route=\/wp\/v2\/media\/101275"}],"wp:attachment":[{"href":"https:\/\/elinformante.mx\/index.php?rest_route=%2Fwp%2Fv2%2Fmedia&parent=101271"}],"wp:term":[{"taxonomy":"category","embeddable":true,"href":"https:\/\/elinformante.mx\/index.php?rest_route=%2Fwp%2Fv2%2Fcategories&post=101271"},{"taxonomy":"post_tag","embeddable":true,"href":"https:\/\/elinformante.mx\/index.php?rest_route=%2Fwp%2Fv2%2Ftags&post=101271"}],"curies":[{"name":"wp","href":"https:\/\/api.w.org\/{rel}","templated":true}]}}