{"id":101274,"date":"2026-03-10T06:07:42","date_gmt":"2026-03-10T12:07:42","guid":{"rendered":"https:\/\/elinformante.mx\/?p=101274"},"modified":"2026-03-10T06:07:50","modified_gmt":"2026-03-10T12:07:50","slug":"ricardo-moreno-firma-alianza-con-danone-para-rehabilitar-espacios-publicos-en-toluca","status":"publish","type":"post","link":"https:\/\/elinformante.mx\/?p=101274","title":{"rendered":"Ricardo Moreno firma alianza con Danone para rehabilitar espacios p\u00fablicos en Toluca"},"content":{"rendered":"\n<figure class=\"wp-block-pullquote\"><blockquote><p>-El acuerdo impulsa la mejora de canchas de f\u00fatbol, \u00e1reas de juegos y la donaci\u00f3n de equipo para escuelas<\/p><\/blockquote><\/figure>\n\n\n\n<p class=\"has-drop-cap\">El alcalde Ricardo Moreno firm\u00f3 un convenio de colaboraci\u00f3n con Grupo Danone para rescatar espacios deportivos y p\u00fablicos, y ser\u00e1 a trav\u00e9s de esta alianza que el Gobierno municipal y la iniciativa privada coordinen acciones para mantener dichas \u00e1reas en \u00f3ptimas condiciones, y contribuir a la recuperaci\u00f3n de la armon\u00eda social.<br><\/p>\n\n\n\n<p>Ante el Gerente de Planta Bonafont Toluca, Gabriel Sotelo, y la Directora de Asuntos Corporativos Grupo Danone, Vania Galindo, el Presidente Municipal refiri\u00f3 que, para la administraci\u00f3n actual, mantener zonas comunes en \u00f3ptimas condiciones representa una de las tareas primordiales.<br><\/p>\n\n\n\n<p>Explic\u00f3 que el acuerdo establece l\u00edneas de acci\u00f3n precisas: apoyo en la rehabilitaci\u00f3n de espacios deportivos, canchas de f\u00fatbol y juegos recreativos; donaci\u00f3n de estaciones de hidrataci\u00f3n y de pintura; dep\u00f3sitos para basura; y jornadas de recuperaci\u00f3n en escuelas.<br><\/p>\n\n\n\n<p>Asimismo, la donaci\u00f3n e instalaci\u00f3n de equipos de captaci\u00f3n de agua pluvial, para el uso de agua de segunda vida; participaci\u00f3n en ferias de empleo organizadas por el gobierno municipal; reforestaciones de escuelas, parques y espacios p\u00fablicos.<br><\/p>\n\n\n\n<figure class=\"wp-block-image size-large\"><img fetchpriority=\"high\" decoding=\"async\" width=\"1024\" height=\"506\" src=\"https:\/\/elinformante.mx\/wp-content\/uploads\/2026\/03\/11toluca-6-1024x506.jpg\" alt=\"\" class=\"wp-image-101278\" srcset=\"https:\/\/elinformante.mx\/wp-content\/uploads\/2026\/03\/11toluca-6-1024x506.jpg 1024w, https:\/\/elinformante.mx\/wp-content\/uploads\/2026\/03\/11toluca-6-300x148.jpg 300w, https:\/\/elinformante.mx\/wp-content\/uploads\/2026\/03\/11toluca-6-768x379.jpg 768w, https:\/\/elinformante.mx\/wp-content\/uploads\/2026\/03\/11toluca-6.jpg 1140w\" sizes=\"(max-width: 1024px) 100vw, 1024px\" \/><\/figure>\n\n\n\n<p>Tambi\u00e9n la limpieza de basura de parques y espacios p\u00fablicos, as\u00ed como la recuperaci\u00f3n de parques p\u00fablicos (la reparaci\u00f3n de juegos, instalaciones, canchas y zona de bancas de parques p\u00fablicos).<br><\/p>\n\n\n\n<p>Durante su intervenci\u00f3n, el Gerente de Planta Bonafont Toluca, Gabriel Sotelo, resalt\u00f3 la trayectoria de 34 a\u00f1os de esta empresa en la capital mexiquense y se\u00f1al\u00f3 que, de la mano con la comunidad de San Pedro Totoltepec, la planta promueve el ciclo de re\u00faso, la captaci\u00f3n de agua de lluvia y la recuperaci\u00f3n de mantos fre\u00e1ticos, por lo que esfuerzos conjuntos con el Gobierno municipal acreditan un compromiso real con la sostenibilidad y el cuidado de los recursos naturales en la zona.<br><\/p>\n\n\n\n<p>La Directora General de Desarrollo Econ\u00f3mico, Yolanda Esquivel, destac\u00f3 que la planta es una de las cinco m\u00e1s relevantes a nivel mundial y la firma de este acuerdo contempla l\u00edneas de acci\u00f3n para fortalecer la econom\u00eda local, mejorar espacios p\u00fablicos y generar mayores oportunidades para las familias toluque\u00f1as, a fin de consolidar a la capital mexiquense como un referente de innovaci\u00f3n y competitividad internacional.<br><\/p>\n\n\n\n<p>A trav\u00e9s del programa Toluca se pone guapa, el Gobierno municipal recupera calles, parques y delegaciones para el disfrute de la poblaci\u00f3n, y Ricardo Moreno enfatiz\u00f3 que esta nueva cara para la ciudad no se trata de un simple maquillaje o de una pol\u00edtica est\u00e9tica superficial, sino de consolidar los lazos sociales y generar un ambiente sano de convivencia en la capital.<\/p>\n","protected":false},"excerpt":{"rendered":"<p>-El acuerdo impulsa la mejora de canchas de f\u00fatbol, \u00e1reas de juegos y la donaci\u00f3n de equipo para escuelas El alcalde Ricardo Moreno firm\u00f3 un convenio de colaboraci\u00f3n con Grupo Danone para rescatar espacios deportivos y p\u00fablicos, y ser\u00e1 a trav\u00e9s de esta alianza que el Gobierno municipal y la iniciativa privada coordinen acciones para [&hellip;]<\/p>\n","protected":false},"author":1,"featured_media":101277,"comment_status":"closed","ping_status":"closed","sticky":false,"template":"","format":"standard","meta":{"footnotes":""},"categories":[30,36],"tags":[],"class_list":["post-101274","post","type-post","status-publish","format-standard","has-post-thumbnail","hentry","category-destacado","category-edomex"],"_links":{"self":[{"href":"https:\/\/elinformante.mx\/index.php?rest_route=\/wp\/v2\/posts\/101274","targetHints":{"allow":["GET"]}}],"collection":[{"href":"https:\/\/elinformante.mx\/index.php?rest_route=\/wp\/v2\/posts"}],"about":[{"href":"https:\/\/elinformante.mx\/index.php?rest_route=\/wp\/v2\/types\/post"}],"author":[{"embeddable":true,"href":"https:\/\/elinformante.mx\/index.php?rest_route=\/wp\/v2\/users\/1"}],"replies":[{"embeddable":true,"href":"https:\/\/elinformante.mx\/index.php?rest_route=%2Fwp%2Fv2%2Fcomments&post=101274"}],"version-history":[{"count":0,"href":"https:\/\/elinformante.mx\/index.php?rest_route=\/wp\/v2\/posts\/101274\/revisions"}],"wp:featuredmedia":[{"embeddable":true,"href":"https:\/\/elinformante.mx\/index.php?rest_route=\/wp\/v2\/media\/101277"}],"wp:attachment":[{"href":"https:\/\/elinformante.mx\/index.php?rest_route=%2Fwp%2Fv2%2Fmedia&parent=101274"}],"wp:term":[{"taxonomy":"category","embeddable":true,"href":"https:\/\/elinformante.mx\/index.php?rest_route=%2Fwp%2Fv2%2Fcategories&post=101274"},{"taxonomy":"post_tag","embeddable":true,"href":"https:\/\/elinformante.mx\/index.php?rest_route=%2Fwp%2Fv2%2Ftags&post=101274"}],"curies":[{"name":"wp","href":"https:\/\/api.w.org\/{rel}","templated":true}]}}