{"id":101276,"date":"2026-03-10T06:10:47","date_gmt":"2026-03-10T12:10:47","guid":{"rendered":"https:\/\/elinformante.mx\/?p=101276"},"modified":"2026-03-10T06:10:50","modified_gmt":"2026-03-10T12:10:50","slug":"vibran-mas-de-20-mil-maestras-del-smsem-por-el-dia-internacional-de-la-mujer","status":"publish","type":"post","link":"https:\/\/elinformante.mx\/?p=101276","title":{"rendered":"Vibran m\u00e1s de 20 mil maestras del SMSEM por el D\u00eda Internacional de la Mujer"},"content":{"rendered":"\n<figure class=\"wp-block-pullquote\"><blockquote><p>-En el Auditorio Nacional se realizaron dos funciones donde se reunieron las docentes de las 14 regiones sindicales.<\/p><\/blockquote><\/figure>\n\n\n\n<p class=\"has-drop-cap\">La dirigencia 2024-2027 del Sindicato de Maestros al Servicio del Estado de M\u00e9xico conmemor\u00f3 el D\u00eda Internacional de la Mujer 2026 con la presentaci\u00f3n de dos galas musicales en el Auditorio Nacional.<br><\/p>\n\n\n\n<p>Jenaro Mart\u00ednez Reyes, l\u00edder sindical, acompa\u00f1ado del Comit\u00e9 Ejecutivo Estatal, entreg\u00f3 la distinci\u00f3n \u201cMaestra Sindicalista del Siglo XXI\u201d a las educadoras Mar\u00eda Guadalupe Mondrag\u00f3n Serrano y Arcenia Arce Macedo de las regiones 8 y 9, respectivamente, por sus trayectorias profesionales y militancia gremial.<br><\/p>\n\n\n\n<p>\u201cExpreso mi gratitud y admiraci\u00f3n a todas las mujeres maestras por su contribuci\u00f3n a la unidad sindical; especialmente a quienes no est\u00e1n, pero que fueron pieza fundamental en los inicios e identidad del SMSEM\u201d, mencion\u00f3 durante su intervenci\u00f3n Mart\u00ednez Reyes.<br><\/p>\n\n\n\n<figure class=\"wp-block-image size-large\"><img fetchpriority=\"high\" decoding=\"async\" width=\"1024\" height=\"506\" src=\"https:\/\/elinformante.mx\/wp-content\/uploads\/2026\/03\/10SMSEM-2-1024x506.jpg\" alt=\"\" class=\"wp-image-101281\" srcset=\"https:\/\/elinformante.mx\/wp-content\/uploads\/2026\/03\/10SMSEM-2-1024x506.jpg 1024w, https:\/\/elinformante.mx\/wp-content\/uploads\/2026\/03\/10SMSEM-2-300x148.jpg 300w, https:\/\/elinformante.mx\/wp-content\/uploads\/2026\/03\/10SMSEM-2-768x379.jpg 768w, https:\/\/elinformante.mx\/wp-content\/uploads\/2026\/03\/10SMSEM-2.jpg 1140w\" sizes=\"(max-width: 1024px) 100vw, 1024px\" \/><\/figure>\n\n\n\n<p>Asimismo, agradeci\u00f3 el apoyo del Gobierno del Estado de M\u00e9xico y la SECTI por el apoyo, acompa\u00f1amiento y facilidades otorgadas para la realizaci\u00f3n de dos magnos conciertos que hablan de lo orgullosa que est\u00e1 la organizaci\u00f3n sindical de sus maestras.<br><\/p>\n\n\n\n<p>Los cantantes Emmanuel y Mijares fueron los encargados de amenizar la convivencia entre hermanas de lucha, quienes desde 1926 se agruparon para formar la Sociedad Mutualista \u201c\u00c1nfora\u201d, un colectivo integrado mayoritariamente por profesoras, antecedente hist\u00f3rico del SMSEM en la defensa por los derechos constitucionales y el bienestar del magisterio estatal.<br><\/p>\n\n\n\n<p>En el primer espect\u00e1culo asistieron las docentes provenientes de las regiones Santiago Tianguistenco, Naucalpan, San Mart\u00edn de las Pir\u00e1mides-Zumpango, Chalco, Tejupilco, Atlacomulco, Ixtapan de la Sal, Valle de Bravo y Jilotepec; mientras al segundo show accedieron las afiliadas en las regiones Toluca, Tultepec, Ecatepec, Los Reyes La Paz-Ixtapaluca y Texcoco.<\/p>\n","protected":false},"excerpt":{"rendered":"<p>-En el Auditorio Nacional se realizaron dos funciones donde se reunieron las docentes de las 14 regiones sindicales. La dirigencia 2024-2027 del Sindicato de Maestros al Servicio del Estado de M\u00e9xico conmemor\u00f3 el D\u00eda Internacional de la Mujer 2026 con la presentaci\u00f3n de dos galas musicales en el Auditorio Nacional. Jenaro Mart\u00ednez Reyes, l\u00edder sindical, [&hellip;]<\/p>\n","protected":false},"author":1,"featured_media":101280,"comment_status":"closed","ping_status":"closed","sticky":false,"template":"","format":"standard","meta":{"footnotes":""},"categories":[36],"tags":[],"class_list":["post-101276","post","type-post","status-publish","format-standard","has-post-thumbnail","hentry","category-edomex"],"_links":{"self":[{"href":"https:\/\/elinformante.mx\/index.php?rest_route=\/wp\/v2\/posts\/101276","targetHints":{"allow":["GET"]}}],"collection":[{"href":"https:\/\/elinformante.mx\/index.php?rest_route=\/wp\/v2\/posts"}],"about":[{"href":"https:\/\/elinformante.mx\/index.php?rest_route=\/wp\/v2\/types\/post"}],"author":[{"embeddable":true,"href":"https:\/\/elinformante.mx\/index.php?rest_route=\/wp\/v2\/users\/1"}],"replies":[{"embeddable":true,"href":"https:\/\/elinformante.mx\/index.php?rest_route=%2Fwp%2Fv2%2Fcomments&post=101276"}],"version-history":[{"count":0,"href":"https:\/\/elinformante.mx\/index.php?rest_route=\/wp\/v2\/posts\/101276\/revisions"}],"wp:featuredmedia":[{"embeddable":true,"href":"https:\/\/elinformante.mx\/index.php?rest_route=\/wp\/v2\/media\/101280"}],"wp:attachment":[{"href":"https:\/\/elinformante.mx\/index.php?rest_route=%2Fwp%2Fv2%2Fmedia&parent=101276"}],"wp:term":[{"taxonomy":"category","embeddable":true,"href":"https:\/\/elinformante.mx\/index.php?rest_route=%2Fwp%2Fv2%2Fcategories&post=101276"},{"taxonomy":"post_tag","embeddable":true,"href":"https:\/\/elinformante.mx\/index.php?rest_route=%2Fwp%2Fv2%2Ftags&post=101276"}],"curies":[{"name":"wp","href":"https:\/\/api.w.org\/{rel}","templated":true}]}}