{"id":101282,"date":"2026-03-10T06:18:24","date_gmt":"2026-03-10T12:18:24","guid":{"rendered":"https:\/\/elinformante.mx\/?p=101282"},"modified":"2026-03-10T06:18:30","modified_gmt":"2026-03-10T12:18:30","slug":"contraloria-edomex-dara-seguimiento-al-3er-informe-de-fiscalizacion-de-la-cuenta-publica-2024","status":"publish","type":"post","link":"https:\/\/elinformante.mx\/?p=101282","title":{"rendered":"Contralor\u00eda Edom\u00e9x dar\u00e1 seguimiento al 3er Informe de Fiscalizaci\u00f3n de la Cuenta P\u00fablica 2024"},"content":{"rendered":"\n<figure class=\"wp-block-pullquote\"><blockquote><p>-Una vez que la ASF entregue formalmente los resultados, se tendr\u00e1n 30 d\u00edas h\u00e1biles para proporcionar la informaci\u00f3n que aclare las observaciones.<\/p><\/blockquote><\/figure>\n\n\n\n<p class=\"has-drop-cap\">La Secretar\u00eda de la Contralor\u00eda del Estado de M\u00e9xico dar\u00e1 puntual seguimiento a los resultados del Tercer Informe de la Fiscalizaci\u00f3n Superior de la Cuenta P\u00fablica 2024 que, en su momento, entregue la Auditor\u00eda Superior de la Federaci\u00f3n (ASF).<br><\/p>\n\n\n\n<p>Actualmente, la dependencia estatal se encuentra en espera de la recepci\u00f3n formal de resultados, fecha a partir de la cual contar\u00e1 con un plazo de 30 d\u00edas h\u00e1biles para revisar, integrar y compartir la documentaci\u00f3n pertinente con la finalidad de aclarar los montos observados por la ASF durante el periodo de auditor\u00eda.<br><\/p>\n\n\n\n<p>La Secretar\u00eda de la Contralor\u00eda destaca que, de los datos presentados por el Auditor Superior de la Federaci\u00f3n a la C\u00e1mara de Diputados, se observa una disminuci\u00f3n de 251% de los importes por aclarar, respecto de la revisi\u00f3n realizada en 2018 (segundo a\u00f1o de fiscalizaci\u00f3n de la administraci\u00f3n estatal anterior).<br><\/p>\n\n\n\n<p>Esto, a pesar de que el Programa Anual de Auditor\u00edas pas\u00f3 de 60 ejercicios de fiscalizaci\u00f3n en 2018 a 151 en 2024.<br><\/p>\n\n\n\n<p>Cabe se\u00f1alar que, en relaci\u00f3n con las participaciones federales, en donde se observaron un total de 6 mil 18 millones de pesos por aclarar en la Cuenta P\u00fablica de 2024; estas disminuyeron m\u00e1s de 60% respecto de 2018, cuando se observaron 15 mil 434.8 millones de pesos.<\/p>\n","protected":false},"excerpt":{"rendered":"<p>-Una vez que la ASF entregue formalmente los resultados, se tendr\u00e1n 30 d\u00edas h\u00e1biles para proporcionar la informaci\u00f3n que aclare las observaciones. La Secretar\u00eda de la Contralor\u00eda del Estado de M\u00e9xico dar\u00e1 puntual seguimiento a los resultados del Tercer Informe de la Fiscalizaci\u00f3n Superior de la Cuenta P\u00fablica 2024 que, en su momento, entregue la [&hellip;]<\/p>\n","protected":false},"author":1,"featured_media":101286,"comment_status":"closed","ping_status":"closed","sticky":false,"template":"","format":"standard","meta":{"footnotes":""},"categories":[36],"tags":[],"class_list":["post-101282","post","type-post","status-publish","format-standard","has-post-thumbnail","hentry","category-edomex"],"_links":{"self":[{"href":"https:\/\/elinformante.mx\/index.php?rest_route=\/wp\/v2\/posts\/101282","targetHints":{"allow":["GET"]}}],"collection":[{"href":"https:\/\/elinformante.mx\/index.php?rest_route=\/wp\/v2\/posts"}],"about":[{"href":"https:\/\/elinformante.mx\/index.php?rest_route=\/wp\/v2\/types\/post"}],"author":[{"embeddable":true,"href":"https:\/\/elinformante.mx\/index.php?rest_route=\/wp\/v2\/users\/1"}],"replies":[{"embeddable":true,"href":"https:\/\/elinformante.mx\/index.php?rest_route=%2Fwp%2Fv2%2Fcomments&post=101282"}],"version-history":[{"count":0,"href":"https:\/\/elinformante.mx\/index.php?rest_route=\/wp\/v2\/posts\/101282\/revisions"}],"wp:featuredmedia":[{"embeddable":true,"href":"https:\/\/elinformante.mx\/index.php?rest_route=\/wp\/v2\/media\/101286"}],"wp:attachment":[{"href":"https:\/\/elinformante.mx\/index.php?rest_route=%2Fwp%2Fv2%2Fmedia&parent=101282"}],"wp:term":[{"taxonomy":"category","embeddable":true,"href":"https:\/\/elinformante.mx\/index.php?rest_route=%2Fwp%2Fv2%2Fcategories&post=101282"},{"taxonomy":"post_tag","embeddable":true,"href":"https:\/\/elinformante.mx\/index.php?rest_route=%2Fwp%2Fv2%2Ftags&post=101282"}],"curies":[{"name":"wp","href":"https:\/\/api.w.org\/{rel}","templated":true}]}}