{"id":101287,"date":"2026-03-10T06:34:37","date_gmt":"2026-03-10T12:34:37","guid":{"rendered":"https:\/\/elinformante.mx\/?p=101287"},"modified":"2026-03-10T06:34:41","modified_gmt":"2026-03-10T12:34:41","slug":"relanzan-en-edomex-campana-nos-movemos-seguras","status":"publish","type":"post","link":"https:\/\/elinformante.mx\/?p=101287","title":{"rendered":"Relanzan en Edom\u00e9x campa\u00f1a \u201cNos Movemos Seguras\u201d"},"content":{"rendered":"\n<figure class=\"wp-block-pullquote\"><blockquote><p>-Se busca prevenir el acoso sexual y promover una movilidad segura de las mujeres mexiquenses,<\/p><\/blockquote><\/figure>\n\n\n\n<p class=\"has-drop-cap\">En el marco del D\u00eda Internacional de la Mujer, el Gobierno de la maestra Delfina G\u00f3mez \u00c1lvarez relanz\u00f3 la campa\u00f1a \u201cNos Movemos Seguras\u201d, una pol\u00edtica p\u00fablica orientada a prevenir la violencia y el acoso sexual contra ni\u00f1as, adolescentes y mujeres, as\u00ed como ofrecer una movilidad m\u00e1s segura, confiable y con perspectiva de g\u00e9nero.<br><\/p>\n\n\n\n<p>\u201cDesde el Gobierno de M\u00e9xico, la presidenta Claudia Sheinbaum, y en el Estado de M\u00e9xico con la gobernadora Delfina G\u00f3mez \u00c1lvarez, hoy sabemos que la igualdad ya no es una aspiraci\u00f3n, es una pol\u00edtica de Estado\u201d, destac\u00f3 Mar\u00eda Esther Rodr\u00edguez Hern\u00e1ndez, secretaria de las Mujeres.<br><\/p>\n\n\n\n<p>El 58.5% de las mexiquenses han vivido alguna forma de violencia a lo largo de su vida, y el transporte p\u00fablico es uno de los espacios donde con mayor frecuencia se presentan estas agresiones.<br><\/p>\n\n\n\n<p>\u201cDesde el Gobierno del Estado de M\u00e9xico estamos convencidas de que la seguridad de las mujeres tambi\u00e9n se construye desde la movilidad\u201d, resalt\u00f3 Rodr\u00edguez Hern\u00e1ndez en Ecatepec.<br><\/p>\n\n\n\n<p>\u201cNos Movemos Seguras\u201d se sostiene en tres pilares: el protocolo de actuaci\u00f3n para atender casos de acoso sexual en el transporte p\u00fablico del Estado de M\u00e9xico; una campa\u00f1a de difusi\u00f3n que busca sensibilizar a la ciudadan\u00eda para hacer visible que el acoso no es normal, no es aceptable y debe denunciarse; as\u00ed como la capacitaci\u00f3n dirigida a las personas operadoras del transporte p\u00fablico.<br><\/p>\n\n\n\n<p>Rodr\u00edguez Hern\u00e1ndez agreg\u00f3 que, en el marco de la Copa Mundial de Futbol 2026, estas acciones se ampliar\u00e1n a espacios estrat\u00e9gicos de movilidad como el Aeropuerto Internacional de Toluca, donde se difundir\u00e1 que en el Estado de M\u00e9xico las mujeres tienen derecho a trasladarse libres de violencia.<br><\/p>\n\n\n\n<figure class=\"wp-block-image size-large\"><img fetchpriority=\"high\" decoding=\"async\" width=\"1024\" height=\"506\" src=\"https:\/\/elinformante.mx\/wp-content\/uploads\/2026\/03\/8relanzan-1024x506.jpg\" alt=\"\" class=\"wp-image-101291\" srcset=\"https:\/\/elinformante.mx\/wp-content\/uploads\/2026\/03\/8relanzan-1024x506.jpg 1024w, https:\/\/elinformante.mx\/wp-content\/uploads\/2026\/03\/8relanzan-300x148.jpg 300w, https:\/\/elinformante.mx\/wp-content\/uploads\/2026\/03\/8relanzan-768x379.jpg 768w, https:\/\/elinformante.mx\/wp-content\/uploads\/2026\/03\/8relanzan.jpg 1140w\" sizes=\"(max-width: 1024px) 100vw, 1024px\" \/><\/figure>\n\n\n\n<p>Juan Hugo de la Rosa, Secretario de Movilidad, indic\u00f3 que esta campa\u00f1a ser\u00e1 permanente, por lo que todo el transporte en la entidad se apegar\u00e1 a estos protocolos.<br><\/p>\n\n\n\n<p>\u201cA partir de hoy damos un paso firme para institucionalizar la seguridad de las mujeres en el transporte; la capacitaci\u00f3n en el protocolo de actuaci\u00f3n en casos de acoso ser\u00e1 obligatoria\u201d, puntualiz\u00f3.<br><\/p>\n\n\n\n<p>Esto con el objetivo de que cualquier operador u operadora pueda identificar, actuar y ayudar ante alguna situaci\u00f3n de violencia o acoso sexual.<br><\/p>\n\n\n\n<p>De manera simult\u00e1nea se realiz\u00f3 la Caravana Estatal \u201cPor la Garant\u00eda de los Derechos de las Mujeres\u201d en los municipios de Acambay, Chicoloapan, Ecatepec, Hueypoxtla, Valle de Chalco, Nezahualc\u00f3yotl, Amanalco, Ocoyoacac, Zacualpan, Tultepec, Cuautitl\u00e1n Izcalli, Nicol\u00e1s Romero, Naucalpan, Tepetlixpa, Teotihuac\u00e1n, San Felipe del Progreso, Coatepec Harinas, Luvianos y San Mateo Atenco, donde se pegaron adhesivos de la campa\u00f1a \u201cNos Movemos Seguras\u201d en unidades de transporte p\u00fablico.<br><\/p>\n\n\n\n<p>Con estas acciones, el Gobierno del Estado de M\u00e9xico impulsa un cambio cultural, fomenta la cultura de la denuncia, recuerda que el acoso sexual es un delito y reafirma su compromiso con la prevenci\u00f3n y atenci\u00f3n de la violencia en los espacios p\u00fablicos, para que las mujeres mexiquenses transiten de forma segura, digna y libre.<br><\/p>\n\n\n\n<p>Al evento conmemorativo asistieron Rafael Octavio Garc\u00eda Moreno, Primer S\u00edndico Municipal de Ecatepec; Claudia Castello Rebollar, titular del Instituto de las Mujeres e Igualdad de G\u00e9nero de Ecatepec; Nancy Rom\u00e1n Mora, lideresa transportista del municipio de Ecatepec, y Benito Enrique Salazar Fregoso, Director de Vinculaci\u00f3n y Extensi\u00f3n del Tecnol\u00f3gico de Estudios Superiores de Ecatepec (TESE).<\/p>\n","protected":false},"excerpt":{"rendered":"<p>-Se busca prevenir el acoso sexual y promover una movilidad segura de las mujeres mexiquenses, En el marco del D\u00eda Internacional de la Mujer, el Gobierno de la maestra Delfina G\u00f3mez \u00c1lvarez relanz\u00f3 la campa\u00f1a \u201cNos Movemos Seguras\u201d, una pol\u00edtica p\u00fablica orientada a prevenir la violencia y el acoso sexual contra ni\u00f1as, adolescentes y mujeres, [&hellip;]<\/p>\n","protected":false},"author":1,"featured_media":101290,"comment_status":"closed","ping_status":"closed","sticky":false,"template":"","format":"standard","meta":{"footnotes":""},"categories":[30,36,31],"tags":[],"class_list":["post-101287","post","type-post","status-publish","format-standard","has-post-thumbnail","hentry","category-destacado","category-edomex","category-portada"],"_links":{"self":[{"href":"https:\/\/elinformante.mx\/index.php?rest_route=\/wp\/v2\/posts\/101287","targetHints":{"allow":["GET"]}}],"collection":[{"href":"https:\/\/elinformante.mx\/index.php?rest_route=\/wp\/v2\/posts"}],"about":[{"href":"https:\/\/elinformante.mx\/index.php?rest_route=\/wp\/v2\/types\/post"}],"author":[{"embeddable":true,"href":"https:\/\/elinformante.mx\/index.php?rest_route=\/wp\/v2\/users\/1"}],"replies":[{"embeddable":true,"href":"https:\/\/elinformante.mx\/index.php?rest_route=%2Fwp%2Fv2%2Fcomments&post=101287"}],"version-history":[{"count":0,"href":"https:\/\/elinformante.mx\/index.php?rest_route=\/wp\/v2\/posts\/101287\/revisions"}],"wp:featuredmedia":[{"embeddable":true,"href":"https:\/\/elinformante.mx\/index.php?rest_route=\/wp\/v2\/media\/101290"}],"wp:attachment":[{"href":"https:\/\/elinformante.mx\/index.php?rest_route=%2Fwp%2Fv2%2Fmedia&parent=101287"}],"wp:term":[{"taxonomy":"category","embeddable":true,"href":"https:\/\/elinformante.mx\/index.php?rest_route=%2Fwp%2Fv2%2Fcategories&post=101287"},{"taxonomy":"post_tag","embeddable":true,"href":"https:\/\/elinformante.mx\/index.php?rest_route=%2Fwp%2Fv2%2Ftags&post=101287"}],"curies":[{"name":"wp","href":"https:\/\/api.w.org\/{rel}","templated":true}]}}