{"id":101302,"date":"2026-03-10T06:52:38","date_gmt":"2026-03-10T12:52:38","guid":{"rendered":"https:\/\/elinformante.mx\/?p=101302"},"modified":"2026-03-10T06:52:40","modified_gmt":"2026-03-10T12:52:40","slug":"gobierno-de-puebla-y-congreso-reconocen-legado-femenino-con-salon-elena-garro","status":"publish","type":"post","link":"https:\/\/elinformante.mx\/?p=101302","title":{"rendered":"Gobierno de Puebla y Congreso reconocen legado femenino con Sal\u00f3n Elena Garro"},"content":{"rendered":"\n<figure class=\"wp-block-pullquote\"><blockquote><p>-El gobernador Alejandro Armenta Mier refrend\u00f3 el compromiso de su administraci\u00f3n de impulsar la participaci\u00f3n de las mujeres en la vida p\u00fablica y cultural.<\/p><\/blockquote><\/figure>\n\n\n\n<p class=\"has-drop-cap\">Al destacar que los espacios p\u00fablicos con el nombre de mujeres contribuyen a visibilizar su aportaci\u00f3n hist\u00f3rica, cultural y social en la construcci\u00f3n del pa\u00eds, el gobernador de Puebla, Alejandro Armenta Mier, particip\u00f3 en la develaci\u00f3n de la placa y la inauguraci\u00f3n oficial del Sal\u00f3n de Protocolos \u201cElena Garro\u201d, en la antigua sede del Congreso del Estado.<br><\/p>\n\n\n\n<p>Durante el acto, el mandatario estatal subray\u00f3 que honrar a Elena Garro representa reconocer a una autora cuya obra literaria contin\u00faa vigente y que, a trav\u00e9s de la palabra, plasm\u00f3 la memoria, la historia y las luchas sociales de M\u00e9xico.<br><\/p>\n\n\n\n<p>Se\u00f1al\u00f3 que este reconocimiento fortalece la reflexi\u00f3n sobre la igualdad y la justicia para las mujeres, en un momento hist\u00f3rico para el pa\u00eds con la doctora Claudia Sheinbaum como la primera mujer presidenta.<br><\/p>\n\n\n\n<p>Destac\u00f3 que el humanismo que gu\u00eda la vida p\u00fablica debe traducirse en acciones que ampl\u00eden la participaci\u00f3n femenina en la toma de decisiones.<br><\/p>\n\n\n\n<p>El presidente de la Junta de Gobierno y Coordinaci\u00f3n Pol\u00edtica del Congreso del Estado, P\u00e1vel Gaspar Ram\u00edrez, explic\u00f3 que designar el Sal\u00f3n de Protocolos con el nombre de Elena Garro reconoce a una de las voces m\u00e1s importantes de la literatura mexicana.<br><\/p>\n\n\n\n<p>Record\u00f3 que la escritora poblana, novelista, dramaturga y periodista, abri\u00f3 nuevas formas de narrar la memoria y la historia del pa\u00eds, por lo que su nombre en este recinto simboliza el valor de la cultura y la palabra en la vida democr\u00e1tica.<\/p>\n","protected":false},"excerpt":{"rendered":"<p>-El gobernador Alejandro Armenta Mier refrend\u00f3 el compromiso de su administraci\u00f3n de impulsar la participaci\u00f3n de las mujeres en la vida p\u00fablica y cultural. Al destacar que los espacios p\u00fablicos con el nombre de mujeres contribuyen a visibilizar su aportaci\u00f3n hist\u00f3rica, cultural y social en la construcci\u00f3n del pa\u00eds, el gobernador de Puebla, Alejandro Armenta [&hellip;]<\/p>\n","protected":false},"author":1,"featured_media":101306,"comment_status":"closed","ping_status":"closed","sticky":false,"template":"","format":"standard","meta":{"footnotes":""},"categories":[34],"tags":[],"class_list":["post-101302","post","type-post","status-publish","format-standard","has-post-thumbnail","hentry","category-nacional"],"_links":{"self":[{"href":"https:\/\/elinformante.mx\/index.php?rest_route=\/wp\/v2\/posts\/101302","targetHints":{"allow":["GET"]}}],"collection":[{"href":"https:\/\/elinformante.mx\/index.php?rest_route=\/wp\/v2\/posts"}],"about":[{"href":"https:\/\/elinformante.mx\/index.php?rest_route=\/wp\/v2\/types\/post"}],"author":[{"embeddable":true,"href":"https:\/\/elinformante.mx\/index.php?rest_route=\/wp\/v2\/users\/1"}],"replies":[{"embeddable":true,"href":"https:\/\/elinformante.mx\/index.php?rest_route=%2Fwp%2Fv2%2Fcomments&post=101302"}],"version-history":[{"count":0,"href":"https:\/\/elinformante.mx\/index.php?rest_route=\/wp\/v2\/posts\/101302\/revisions"}],"wp:featuredmedia":[{"embeddable":true,"href":"https:\/\/elinformante.mx\/index.php?rest_route=\/wp\/v2\/media\/101306"}],"wp:attachment":[{"href":"https:\/\/elinformante.mx\/index.php?rest_route=%2Fwp%2Fv2%2Fmedia&parent=101302"}],"wp:term":[{"taxonomy":"category","embeddable":true,"href":"https:\/\/elinformante.mx\/index.php?rest_route=%2Fwp%2Fv2%2Fcategories&post=101302"},{"taxonomy":"post_tag","embeddable":true,"href":"https:\/\/elinformante.mx\/index.php?rest_route=%2Fwp%2Fv2%2Ftags&post=101302"}],"curies":[{"name":"wp","href":"https:\/\/api.w.org\/{rel}","templated":true}]}}