{"id":101321,"date":"2026-03-10T10:49:20","date_gmt":"2026-03-10T16:49:20","guid":{"rendered":"https:\/\/elinformante.mx\/?p=101321"},"modified":"2026-03-10T10:49:22","modified_gmt":"2026-03-10T16:49:22","slug":"sergio-mayer-es-el-tercer-eliminado-de-la-casa-de-los-famosos","status":"publish","type":"post","link":"https:\/\/elinformante.mx\/?p=101321","title":{"rendered":"Sergio Mayer es el tercer eliminado de La Casa de los Famosos"},"content":{"rendered":"\n<p>El actor y diputado Sergio Mayer se convirti\u00f3 en el tercer eliminado de la sexta temporada de <em>La Casa de los Famosos<\/em> de Telemundo, luego de no recibir el respaldo suficiente del p\u00fablico durante la votaci\u00f3n. Su salida del reality se dio apenas en la tercera semana del programa, en medio de una fuerte pol\u00e9mica por su participaci\u00f3n mientras mantiene una carrera pol\u00edtica en M\u00e9xico.<\/p>\n\n\n\n<p>En la gala de eliminaci\u00f3n, Mayer se encontraba nominado junto a Celinee Santos, Julia Arg\u00fcelles, Josh Mart\u00ednez, Jailyne Ojeda y la youtuber mexicana Caeli. Tras el anuncio de los participantes salvados por el p\u00fablico, la decisi\u00f3n final qued\u00f3 entre Julia Arg\u00fcelles y el legislador mexicano, siendo finalmente Mayer quien abandon\u00f3 la competencia.<\/p>\n\n\n\n<p>Al escuchar el resultado, el exintegrante de Garibaldi reaccion\u00f3 con serenidad y abraz\u00f3 a su compa\u00f1era antes de salir de la casa. Posteriormente reconoci\u00f3 que le hubiera gustado continuar en el reality, pero asegur\u00f3 respetar la decisi\u00f3n de la audiencia. \u201cEl p\u00fablico nunca se equivoca, ellos saben qu\u00e9 juego quieren y eso se respeta\u201d, expres\u00f3.<\/p>\n\n\n\n<p>La eliminaci\u00f3n gener\u00f3 reacciones divididas en redes sociales, donde algunos usuarios celebraron su salida mientras otros criticaron que el tambi\u00e9n diputado haya pedido licencia a su cargo para participar en un programa de entretenimiento. Su decisi\u00f3n de entrar al reality fue motivo de debate desde el momento en que se anunci\u00f3 su participaci\u00f3n.<\/p>\n\n\n\n<p>Actualmente, Mayer solicit\u00f3 licencia sin goce de sueldo para ausentarse de su cargo legislativo. Tras su salida del programa, podr\u00eda retomar sus funciones p\u00fablicas; sin embargo, enfrenta cuestionamientos pol\u00edticos e incluso un procedimiento interno en Morena relacionado con su conducta y participaci\u00f3n en el reality.<\/p>\n\n\n\n<p><\/p>\n","protected":false},"excerpt":{"rendered":"<p>El actor y diputado Sergio Mayer se convirti\u00f3 en el tercer eliminado de la sexta temporada de La Casa de los Famosos de Telemundo, luego de no recibir el respaldo suficiente del p\u00fablico durante la votaci\u00f3n. Su salida del reality se dio apenas en la tercera semana del programa, en medio de una fuerte pol\u00e9mica [&hellip;]<\/p>\n","protected":false},"author":2,"featured_media":101322,"comment_status":"closed","ping_status":"closed","sticky":false,"template":"","format":"standard","meta":{"footnotes":""},"categories":[39],"tags":[],"class_list":["post-101321","post","type-post","status-publish","format-standard","has-post-thumbnail","hentry","category-espectaculos"],"_links":{"self":[{"href":"https:\/\/elinformante.mx\/index.php?rest_route=\/wp\/v2\/posts\/101321","targetHints":{"allow":["GET"]}}],"collection":[{"href":"https:\/\/elinformante.mx\/index.php?rest_route=\/wp\/v2\/posts"}],"about":[{"href":"https:\/\/elinformante.mx\/index.php?rest_route=\/wp\/v2\/types\/post"}],"author":[{"embeddable":true,"href":"https:\/\/elinformante.mx\/index.php?rest_route=\/wp\/v2\/users\/2"}],"replies":[{"embeddable":true,"href":"https:\/\/elinformante.mx\/index.php?rest_route=%2Fwp%2Fv2%2Fcomments&post=101321"}],"version-history":[{"count":0,"href":"https:\/\/elinformante.mx\/index.php?rest_route=\/wp\/v2\/posts\/101321\/revisions"}],"wp:featuredmedia":[{"embeddable":true,"href":"https:\/\/elinformante.mx\/index.php?rest_route=\/wp\/v2\/media\/101322"}],"wp:attachment":[{"href":"https:\/\/elinformante.mx\/index.php?rest_route=%2Fwp%2Fv2%2Fmedia&parent=101321"}],"wp:term":[{"taxonomy":"category","embeddable":true,"href":"https:\/\/elinformante.mx\/index.php?rest_route=%2Fwp%2Fv2%2Fcategories&post=101321"},{"taxonomy":"post_tag","embeddable":true,"href":"https:\/\/elinformante.mx\/index.php?rest_route=%2Fwp%2Fv2%2Ftags&post=101321"}],"curies":[{"name":"wp","href":"https:\/\/api.w.org\/{rel}","templated":true}]}}