{"id":101323,"date":"2026-03-10T12:58:27","date_gmt":"2026-03-10T18:58:27","guid":{"rendered":"https:\/\/elinformante.mx\/?p=101323"},"modified":"2026-03-10T12:58:31","modified_gmt":"2026-03-10T18:58:31","slug":"tragedia-en-el-deporte-fallce-ciclista-mexicano-de-20-anos-tras-prueba-de-montana","status":"publish","type":"post","link":"https:\/\/elinformante.mx\/?p=101323","title":{"rendered":"Tragedia en el deporte: Fall*ce ciclista mexicano de 20 a\u00f1os tras prueba de monta\u00f1a"},"content":{"rendered":"\n<p>El ciclismo mexicano se encuentra de luto luego de confirmarse el fallecimiento del joven atleta H\u00e9ctor G\u00f3mez Sierra, de 20 a\u00f1os, quien muri\u00f3 tras participar en una prueba de monta\u00f1a como parte del proceso selectivo rumbo a la Olimpiada Nacional de la Comisi\u00f3n Nacional de Cultura F\u00edsica y Deporte (Conade) 2026.<\/p>\n\n\n\n<p>El deportista, originario de Ocotl\u00e1n de Morelos, Oaxaca, realiz\u00f3 la competencia en el estado de Jalisco. Al concluir la prueba comenz\u00f3 a sentirse mal, por lo que recibi\u00f3 atenci\u00f3n m\u00e9dica inmediata tras presentar s\u00edntomas de taquicardia.<\/p>\n\n\n\n<p>Debido a su condici\u00f3n, el joven fue trasladado de urgencia a un hospital cercano; sin embargo, poco despu\u00e9s se confirm\u00f3 su fallecimiento a causa de complicaciones card\u00edacas, seg\u00fan reportes preliminares de las autoridades deportivas.<\/p>\n\n\n\n<p>El titular del Instituto del Deporte de Oaxaca, Arturo de Jes\u00fas Ch\u00e1vez Ram\u00edrez, inform\u00f3 que antes de competir el atleta hab\u00eda presentado los certificados m\u00e9dicos requeridos y que no se hab\u00eda detectado ninguna anomal\u00eda en su estado de salud.<\/p>\n\n\n\n<p>H\u00e9ctor G\u00f3mez Sierra era estudiante de la licenciatura en Entrenamiento Deportivo en la Universidad Aut\u00f3noma Benito Ju\u00e1rez de Oaxaca y se especializaba en ciclismo de monta\u00f1a en modalidades como Cross Country Ol\u00edmpico, elimination, short track y pruebas de ruta. Autoridades y organismos deportivos expresaron sus condolencias a la familia y a la comunidad deportiva ante la p\u00e9rdida del joven atleta.<\/p>\n","protected":false},"excerpt":{"rendered":"<p>El ciclismo mexicano se encuentra de luto luego de confirmarse el fallecimiento del joven atleta H\u00e9ctor G\u00f3mez Sierra, de 20 a\u00f1os, quien muri\u00f3 tras participar en una prueba de monta\u00f1a como parte del proceso selectivo rumbo a la Olimpiada Nacional de la Comisi\u00f3n Nacional de Cultura F\u00edsica y Deporte (Conade) 2026. El deportista, originario de [&hellip;]<\/p>\n","protected":false},"author":2,"featured_media":101326,"comment_status":"closed","ping_status":"closed","sticky":false,"template":"","format":"standard","meta":{"footnotes":""},"categories":[38],"tags":[],"class_list":["post-101323","post","type-post","status-publish","format-standard","has-post-thumbnail","hentry","category-deportes"],"_links":{"self":[{"href":"https:\/\/elinformante.mx\/index.php?rest_route=\/wp\/v2\/posts\/101323","targetHints":{"allow":["GET"]}}],"collection":[{"href":"https:\/\/elinformante.mx\/index.php?rest_route=\/wp\/v2\/posts"}],"about":[{"href":"https:\/\/elinformante.mx\/index.php?rest_route=\/wp\/v2\/types\/post"}],"author":[{"embeddable":true,"href":"https:\/\/elinformante.mx\/index.php?rest_route=\/wp\/v2\/users\/2"}],"replies":[{"embeddable":true,"href":"https:\/\/elinformante.mx\/index.php?rest_route=%2Fwp%2Fv2%2Fcomments&post=101323"}],"version-history":[{"count":0,"href":"https:\/\/elinformante.mx\/index.php?rest_route=\/wp\/v2\/posts\/101323\/revisions"}],"wp:featuredmedia":[{"embeddable":true,"href":"https:\/\/elinformante.mx\/index.php?rest_route=\/wp\/v2\/media\/101326"}],"wp:attachment":[{"href":"https:\/\/elinformante.mx\/index.php?rest_route=%2Fwp%2Fv2%2Fmedia&parent=101323"}],"wp:term":[{"taxonomy":"category","embeddable":true,"href":"https:\/\/elinformante.mx\/index.php?rest_route=%2Fwp%2Fv2%2Fcategories&post=101323"},{"taxonomy":"post_tag","embeddable":true,"href":"https:\/\/elinformante.mx\/index.php?rest_route=%2Fwp%2Fv2%2Ftags&post=101323"}],"curies":[{"name":"wp","href":"https:\/\/api.w.org\/{rel}","templated":true}]}}