{"id":101327,"date":"2026-03-10T16:16:21","date_gmt":"2026-03-10T22:16:21","guid":{"rendered":"https:\/\/elinformante.mx\/?p=101327"},"modified":"2026-03-10T16:16:33","modified_gmt":"2026-03-10T22:16:33","slug":"alvaro-fidalgo-seria-convocado-por-mexico-para-enfrentar-a-portugal-y-belgica","status":"publish","type":"post","link":"https:\/\/elinformante.mx\/?p=101327","title":{"rendered":"\u00c1lvaro Fidalgo ser\u00eda convocado por M\u00e9xico para enfrentar a Portugal y B\u00e9lgica"},"content":{"rendered":"\n<p>El mediocampista \u00c1lvaro Fidalgo estar\u00eda cada vez m\u00e1s cerca de debutar con la Selecci\u00f3n Mexicana. De acuerdo con informaci\u00f3n del periodista David Medrano, la Direcci\u00f3n de Selecciones Nacionales ya inici\u00f3 el proceso para convocar al jugador de cara a los partidos de Fecha FIFA ante Portugal y B\u00e9lgica.<\/p>\n\n\n\n<p>Seg\u00fan lo publicado por Medrano en su cuenta de X, la Federaci\u00f3n Mexicana de Futbol habr\u00eda enviado un comunicado al Real Betis para apartar al futbolista durante los d\u00edas de concentraci\u00f3n. Este procedimiento es obligatorio cuando se trata de jugadores que militan en clubes del extranjero.<\/p>\n\n\n\n<p>Fidalgo, nacido en Espa\u00f1a, ya habr\u00eda completado los requisitos administrativos necesarios para ser elegible con M\u00e9xico. El mediocampista cumpli\u00f3 con el tiempo de residencia requerido y realiz\u00f3 el cambio oficial de federaci\u00f3n, lo que le permitir\u00eda ser convocado por primera vez con el representativo nacional.<\/p>\n\n\n\n<p>El llamado oficial formar\u00eda parte de la pr\u00f3xima lista que el t\u00e9cnico Javier Aguirre presentar\u00e1 para los encuentros internacionales del 28 y 31 de marzo frente a Portugal y B\u00e9lgica. Estos partidos servir\u00e1n como preparaci\u00f3n para los pr\u00f3ximos compromisos internacionales del combinado mexicano.<\/p>\n\n\n\n<p>De confirmarse la convocatoria, el actual jugador del Betis se convertir\u00eda en una de las principales novedades del Tri, generando expectativa entre los aficionados que han seguido su desempe\u00f1o en el futbol mexicano y ahora en Europa.<\/p>\n","protected":false},"excerpt":{"rendered":"<p>El mediocampista \u00c1lvaro Fidalgo estar\u00eda cada vez m\u00e1s cerca de debutar con la Selecci\u00f3n Mexicana. De acuerdo con informaci\u00f3n del periodista David Medrano, la Direcci\u00f3n de Selecciones Nacionales ya inici\u00f3 el proceso para convocar al jugador de cara a los partidos de Fecha FIFA ante Portugal y B\u00e9lgica. Seg\u00fan lo publicado por Medrano en su [&hellip;]<\/p>\n","protected":false},"author":2,"featured_media":101330,"comment_status":"closed","ping_status":"closed","sticky":false,"template":"","format":"standard","meta":{"footnotes":""},"categories":[38,1],"tags":[],"class_list":["post-101327","post","type-post","status-publish","format-standard","has-post-thumbnail","hentry","category-deportes","category-sin-categoria"],"_links":{"self":[{"href":"https:\/\/elinformante.mx\/index.php?rest_route=\/wp\/v2\/posts\/101327","targetHints":{"allow":["GET"]}}],"collection":[{"href":"https:\/\/elinformante.mx\/index.php?rest_route=\/wp\/v2\/posts"}],"about":[{"href":"https:\/\/elinformante.mx\/index.php?rest_route=\/wp\/v2\/types\/post"}],"author":[{"embeddable":true,"href":"https:\/\/elinformante.mx\/index.php?rest_route=\/wp\/v2\/users\/2"}],"replies":[{"embeddable":true,"href":"https:\/\/elinformante.mx\/index.php?rest_route=%2Fwp%2Fv2%2Fcomments&post=101327"}],"version-history":[{"count":0,"href":"https:\/\/elinformante.mx\/index.php?rest_route=\/wp\/v2\/posts\/101327\/revisions"}],"wp:featuredmedia":[{"embeddable":true,"href":"https:\/\/elinformante.mx\/index.php?rest_route=\/wp\/v2\/media\/101330"}],"wp:attachment":[{"href":"https:\/\/elinformante.mx\/index.php?rest_route=%2Fwp%2Fv2%2Fmedia&parent=101327"}],"wp:term":[{"taxonomy":"category","embeddable":true,"href":"https:\/\/elinformante.mx\/index.php?rest_route=%2Fwp%2Fv2%2Fcategories&post=101327"},{"taxonomy":"post_tag","embeddable":true,"href":"https:\/\/elinformante.mx\/index.php?rest_route=%2Fwp%2Fv2%2Ftags&post=101327"}],"curies":[{"name":"wp","href":"https:\/\/api.w.org\/{rel}","templated":true}]}}