{"id":101333,"date":"2026-03-10T16:42:02","date_gmt":"2026-03-10T22:42:02","guid":{"rendered":"https:\/\/elinformante.mx\/?p=101333"},"modified":"2026-03-10T16:42:06","modified_gmt":"2026-03-10T22:42:06","slug":"lilia-aguilar-responde-a-senalamientos-y-acusa-persecucion-politica","status":"publish","type":"post","link":"https:\/\/elinformante.mx\/?p=101333","title":{"rendered":"Lilia Aguilar responde a se\u00f1alamientos y acusa persecuci\u00f3n pol\u00edtica"},"content":{"rendered":"\n<p>La diputada federal del Partido del Trabajo, Lilia Aguilar, respondi\u00f3 desde la tribuna de la C\u00e1mara de Diputados a los se\u00f1alamientos realizados en su contra, donde asegur\u00f3 que no tiene nada que ocultar y defendi\u00f3 la postura de su partido.<\/p>\n\n\n\n<p>Durante su intervenci\u00f3n, la legisladora expres\u00f3 que no esperaba que las cr\u00edticas provinieran de fuerzas pol\u00edticas cercanas, al se\u00f1alar que \u201cnunca pensamos que el ataque vendr\u00eda de nuestros hermanos de clase\u201d.<\/p>\n\n\n\n<p>Aguilar afirm\u00f3 que enfrenta una persecuci\u00f3n pol\u00edtica, al tiempo que reiter\u00f3 que su actuaci\u00f3n p\u00fablica se ha conducido con transparencia y que continuar\u00e1 defendiendo su posici\u00f3n dentro del debate legislativo.<\/p>\n\n\n\n<p>Asimismo, subray\u00f3 que no siente verg\u00fcenza por su postura pol\u00edtica ni por las decisiones que ha tomado dentro de su trayectoria p\u00fablica.<\/p>\n\n\n\n<p>La diputada concluy\u00f3 su mensaje se\u00f1alando que el Partido del Trabajo mantiene firme su posici\u00f3n en los temas que considera relevantes dentro del escenario pol\u00edtico nacional.<\/p>\n","protected":false},"excerpt":{"rendered":"<p>La diputada federal del Partido del Trabajo, Lilia Aguilar, respondi\u00f3 desde la tribuna de la C\u00e1mara de Diputados a los se\u00f1alamientos realizados en su contra, donde asegur\u00f3 que no tiene nada que ocultar y defendi\u00f3 la postura de su partido. Durante su intervenci\u00f3n, la legisladora expres\u00f3 que no esperaba que las cr\u00edticas provinieran de fuerzas [&hellip;]<\/p>\n","protected":false},"author":2,"featured_media":101334,"comment_status":"closed","ping_status":"closed","sticky":false,"template":"","format":"standard","meta":{"footnotes":""},"categories":[34],"tags":[],"class_list":["post-101333","post","type-post","status-publish","format-standard","has-post-thumbnail","hentry","category-nacional"],"_links":{"self":[{"href":"https:\/\/elinformante.mx\/index.php?rest_route=\/wp\/v2\/posts\/101333","targetHints":{"allow":["GET"]}}],"collection":[{"href":"https:\/\/elinformante.mx\/index.php?rest_route=\/wp\/v2\/posts"}],"about":[{"href":"https:\/\/elinformante.mx\/index.php?rest_route=\/wp\/v2\/types\/post"}],"author":[{"embeddable":true,"href":"https:\/\/elinformante.mx\/index.php?rest_route=\/wp\/v2\/users\/2"}],"replies":[{"embeddable":true,"href":"https:\/\/elinformante.mx\/index.php?rest_route=%2Fwp%2Fv2%2Fcomments&post=101333"}],"version-history":[{"count":0,"href":"https:\/\/elinformante.mx\/index.php?rest_route=\/wp\/v2\/posts\/101333\/revisions"}],"wp:featuredmedia":[{"embeddable":true,"href":"https:\/\/elinformante.mx\/index.php?rest_route=\/wp\/v2\/media\/101334"}],"wp:attachment":[{"href":"https:\/\/elinformante.mx\/index.php?rest_route=%2Fwp%2Fv2%2Fmedia&parent=101333"}],"wp:term":[{"taxonomy":"category","embeddable":true,"href":"https:\/\/elinformante.mx\/index.php?rest_route=%2Fwp%2Fv2%2Fcategories&post=101333"},{"taxonomy":"post_tag","embeddable":true,"href":"https:\/\/elinformante.mx\/index.php?rest_route=%2Fwp%2Fv2%2Ftags&post=101333"}],"curies":[{"name":"wp","href":"https:\/\/api.w.org\/{rel}","templated":true}]}}