{"id":101335,"date":"2026-03-10T17:40:17","date_gmt":"2026-03-10T23:40:17","guid":{"rendered":"https:\/\/elinformante.mx\/?p=101335"},"modified":"2026-03-10T17:40:25","modified_gmt":"2026-03-10T23:40:25","slug":"pati-chapoy-admite-que-piensa-en-el-retiro-y-asegura-que-ventaneando-puede-seguir-sin-ella","status":"publish","type":"post","link":"https:\/\/elinformante.mx\/?p=101335","title":{"rendered":"Pati Chapoy admite que piensa en el retiro y asegura que &#8220;Ventaneando&#8221; puede seguir sin ella"},"content":{"rendered":"\n<p>La periodista de espect\u00e1culos Pati Chapoy sorprendi\u00f3 al hablar abiertamente sobre la posibilidad de retirarse de la televisi\u00f3n, luego de reconocer que en alg\u00fan momento ha pensado en dejar la conducci\u00f3n de <em>Ventaneando<\/em>, programa que lidera desde hace casi tres d\u00e9cadas.<\/p>\n\n\n\n<p>Durante una entrevista con el conductor Yordi Rosado, Chapoy explic\u00f3 que el programa tiene una estructura s\u00f3lida y que, debido a su \u00e9xito, puede continuar sin su presencia. La comunicadora destac\u00f3 que <em>Ventaneando<\/em> sigue siendo uno de los proyectos que m\u00e1s ingresos genera para la televisora, por lo que considera que su continuidad est\u00e1 asegurada.<\/p>\n\n\n\n<p>La conductora tambi\u00e9n se\u00f1al\u00f3 que, cuando llegue el momento de dejar la pantalla, su intenci\u00f3n es simplemente descansar y llevar una vida m\u00e1s tranquila. Incluso brome\u00f3 al afirmar que su plan es \u201cno hacer nada\u201d, despu\u00e9s de una larga trayectoria en el mundo del periodismo de espect\u00e1culos.<\/p>\n\n\n\n<p>Chapoy dej\u00f3 claro que no le preocupa qui\u00e9n podr\u00eda ocupar su lugar en el futuro. Seg\u00fan explic\u00f3, dentro del equipo hay talento suficiente para asumir ese rol y considera que cualquiera de sus compa\u00f1eros podr\u00eda convertirse en su sucesor.<\/p>\n\n\n\n<p>Con m\u00e1s de 25 a\u00f1os al frente del programa, Pati Chapoy se ha consolidado como una de las figuras m\u00e1s influyentes del periodismo de entretenimiento en M\u00e9xico. Aunque por ahora no hay una fecha confirmada para su retiro, sus declaraciones han generado conversaci\u00f3n entre seguidores del programa y del espect\u00e1culo.<\/p>\n","protected":false},"excerpt":{"rendered":"<p>La periodista de espect\u00e1culos Pati Chapoy sorprendi\u00f3 al hablar abiertamente sobre la posibilidad de retirarse de la televisi\u00f3n, luego de reconocer que en alg\u00fan momento ha pensado en dejar la conducci\u00f3n de Ventaneando, programa que lidera desde hace casi tres d\u00e9cadas. Durante una entrevista con el conductor Yordi Rosado, Chapoy explic\u00f3 que el programa tiene [&hellip;]<\/p>\n","protected":false},"author":2,"featured_media":101336,"comment_status":"closed","ping_status":"closed","sticky":false,"template":"","format":"standard","meta":{"footnotes":""},"categories":[39],"tags":[],"class_list":["post-101335","post","type-post","status-publish","format-standard","has-post-thumbnail","hentry","category-espectaculos"],"_links":{"self":[{"href":"https:\/\/elinformante.mx\/index.php?rest_route=\/wp\/v2\/posts\/101335","targetHints":{"allow":["GET"]}}],"collection":[{"href":"https:\/\/elinformante.mx\/index.php?rest_route=\/wp\/v2\/posts"}],"about":[{"href":"https:\/\/elinformante.mx\/index.php?rest_route=\/wp\/v2\/types\/post"}],"author":[{"embeddable":true,"href":"https:\/\/elinformante.mx\/index.php?rest_route=\/wp\/v2\/users\/2"}],"replies":[{"embeddable":true,"href":"https:\/\/elinformante.mx\/index.php?rest_route=%2Fwp%2Fv2%2Fcomments&post=101335"}],"version-history":[{"count":0,"href":"https:\/\/elinformante.mx\/index.php?rest_route=\/wp\/v2\/posts\/101335\/revisions"}],"wp:featuredmedia":[{"embeddable":true,"href":"https:\/\/elinformante.mx\/index.php?rest_route=\/wp\/v2\/media\/101336"}],"wp:attachment":[{"href":"https:\/\/elinformante.mx\/index.php?rest_route=%2Fwp%2Fv2%2Fmedia&parent=101335"}],"wp:term":[{"taxonomy":"category","embeddable":true,"href":"https:\/\/elinformante.mx\/index.php?rest_route=%2Fwp%2Fv2%2Fcategories&post=101335"},{"taxonomy":"post_tag","embeddable":true,"href":"https:\/\/elinformante.mx\/index.php?rest_route=%2Fwp%2Fv2%2Ftags&post=101335"}],"curies":[{"name":"wp","href":"https:\/\/api.w.org\/{rel}","templated":true}]}}