{"id":101367,"date":"2026-03-11T06:15:39","date_gmt":"2026-03-11T12:15:39","guid":{"rendered":"https:\/\/elinformante.mx\/?p=101367"},"modified":"2026-03-11T06:16:35","modified_gmt":"2026-03-11T12:16:35","slug":"toluca-alista-primaverarte-una-fiesta-de-cultura-y-espectaculo","status":"publish","type":"post","link":"https:\/\/elinformante.mx\/?p=101367","title":{"rendered":"Toluca alista PrimaverArte, una fiesta de cultura y espect\u00e1culo"},"content":{"rendered":"\n<figure class=\"wp-block-pullquote\"><blockquote><p>-Habr\u00e1 un centenar de actividades gratuitas de literatura, teatro, m\u00fasica y danza para toda la familia.<\/p><\/blockquote><\/figure>\n\n\n\n<p class=\"has-drop-cap\">Cerca de un centenar de actividades se tienen preparadas para PrimaverArte, una fiesta que inicia el 17 y concluye el 22 de marzo para ofrecer literatura, m\u00fasica, teatro, talleres y muchas sorpresas m\u00e1s a los habitantes y visitantes de la capital mexiquense.<br><\/p>\n\n\n\n<p>Esta fiesta ser\u00e1 inaugurada por el alcalde Ricardo Moreno y pondr\u00e1 al alcance de la poblaci\u00f3n muchas manifestaciones culturales que se llevan a cabo en Toluca as\u00ed como de artistas invitados procedentes de distintas partes de M\u00e9xico con la finalidad de que el p\u00fablico tenga una muestra del mosaico pluricultural que existe en el pa\u00eds.<br><\/p>\n\n\n\n<p>La cita inicia el martes 17 de marzo a las 15:30 horas, en la Plaza Fray Andr\u00e9s de Castro, en pleno coraz\u00f3n de la capital mexiquense y continuar\u00e1 con la presentaci\u00f3n del libro Revoluciones por minuto del escritor y periodista Juan Villoro, reconocido por su trayectoria dentro de las letras mexicanas.<br><\/p>\n\n\n\n<figure class=\"wp-block-image size-large\"><img fetchpriority=\"high\" decoding=\"async\" width=\"1024\" height=\"506\" src=\"https:\/\/elinformante.mx\/wp-content\/uploads\/2026\/03\/11toluca-2-5-1024x506.jpg\" alt=\"\" class=\"wp-image-101371\" srcset=\"https:\/\/elinformante.mx\/wp-content\/uploads\/2026\/03\/11toluca-2-5-1024x506.jpg 1024w, https:\/\/elinformante.mx\/wp-content\/uploads\/2026\/03\/11toluca-2-5-300x148.jpg 300w, https:\/\/elinformante.mx\/wp-content\/uploads\/2026\/03\/11toluca-2-5-768x379.jpg 768w, https:\/\/elinformante.mx\/wp-content\/uploads\/2026\/03\/11toluca-2-5.jpg 1140w\" sizes=\"(max-width: 1024px) 100vw, 1024px\" \/><\/figure>\n\n\n\n<p>En el cap\u00edtulo musical interviene Mateo Casta\u00f1eda Caffaratti, quien deleitar\u00e1 con notas vers\u00e1tiles y sorpresivas, en este mismo contexto, se podr\u00e1 escuchar a Guillermo Arriaga, autor del libro El Hombre; posteriormente la Banda Musical ofrecer\u00e1 el espect\u00e1culo Ritmos de Barrio, a las 19:00 horas.<br><\/p>\n\n\n\n<p>Este mismo d\u00eda, habr\u00e1 una funci\u00f3n dramatizada de El Pato y la muerte de la Compa\u00f1\u00eda Teatral Teokikixtli, a las 17:00 horas, en la Capilla Exenta; mientras que en el Andador Constituci\u00f3n habr\u00e1 int\u00e9rpretes como Aleks Sandoval, a las 17:00 horas; del Ensamble de Solistas, a las 18:00, y el de D\u00e4z\u00e4n\u00e4 a las 19:00.<br><\/p>\n\n\n\n<p>Los conciertos estelares ser\u00e1n en el Campo de entrenamiento de los Potros UAEM\u00e9x a partir del 20 de marzo con Uzielito Mix a las 20:30 y Kinky a las 22:30; el 21 llegar\u00e1 Insulini y los Espantasuegras, V\u00edctimas del Dr. Cerebro y Los Estramb\u00f3ticos, a las 18:30, 20:30 y 22:30, respectivamente; y el 22 la Orquesta Filarm\u00f3nica de Toluca (OFiT) cerrar\u00e1 PrimaverArte a las 19:00 horas, en la Plaza Fray Andr\u00e9s de Castro.<br><\/p>\n\n\n\n<p>Las actividades gratuitas para toda la familia continuar\u00e1n hasta el 22 de marzo, para consultar el programa completo, las y los interesados pueden consultar las redes sociales oficiales del Ayuntamiento de Toluca y de la Direcci\u00f3n General de Educaci\u00f3n, Cultura y Turismo.<\/p>\n","protected":false},"excerpt":{"rendered":"<p>-Habr\u00e1 un centenar de actividades gratuitas de literatura, teatro, m\u00fasica y danza para toda la familia. Cerca de un centenar de actividades se tienen preparadas para PrimaverArte, una fiesta que inicia el 17 y concluye el 22 de marzo para ofrecer literatura, m\u00fasica, teatro, talleres y muchas sorpresas m\u00e1s a los habitantes y visitantes de [&hellip;]<\/p>\n","protected":false},"author":1,"featured_media":101370,"comment_status":"closed","ping_status":"closed","sticky":false,"template":"","format":"standard","meta":{"footnotes":""},"categories":[36],"tags":[],"class_list":["post-101367","post","type-post","status-publish","format-standard","has-post-thumbnail","hentry","category-edomex"],"_links":{"self":[{"href":"https:\/\/elinformante.mx\/index.php?rest_route=\/wp\/v2\/posts\/101367","targetHints":{"allow":["GET"]}}],"collection":[{"href":"https:\/\/elinformante.mx\/index.php?rest_route=\/wp\/v2\/posts"}],"about":[{"href":"https:\/\/elinformante.mx\/index.php?rest_route=\/wp\/v2\/types\/post"}],"author":[{"embeddable":true,"href":"https:\/\/elinformante.mx\/index.php?rest_route=\/wp\/v2\/users\/1"}],"replies":[{"embeddable":true,"href":"https:\/\/elinformante.mx\/index.php?rest_route=%2Fwp%2Fv2%2Fcomments&post=101367"}],"version-history":[{"count":0,"href":"https:\/\/elinformante.mx\/index.php?rest_route=\/wp\/v2\/posts\/101367\/revisions"}],"wp:featuredmedia":[{"embeddable":true,"href":"https:\/\/elinformante.mx\/index.php?rest_route=\/wp\/v2\/media\/101370"}],"wp:attachment":[{"href":"https:\/\/elinformante.mx\/index.php?rest_route=%2Fwp%2Fv2%2Fmedia&parent=101367"}],"wp:term":[{"taxonomy":"category","embeddable":true,"href":"https:\/\/elinformante.mx\/index.php?rest_route=%2Fwp%2Fv2%2Fcategories&post=101367"},{"taxonomy":"post_tag","embeddable":true,"href":"https:\/\/elinformante.mx\/index.php?rest_route=%2Fwp%2Fv2%2Ftags&post=101367"}],"curies":[{"name":"wp","href":"https:\/\/api.w.org\/{rel}","templated":true}]}}