{"id":101375,"date":"2026-03-11T06:28:53","date_gmt":"2026-03-11T12:28:53","guid":{"rendered":"https:\/\/elinformante.mx\/?p=101375"},"modified":"2026-03-11T06:29:03","modified_gmt":"2026-03-11T12:29:03","slug":"analiza-en-el-ieem-los-desafios-para-mujeres-en-la-vida-politica","status":"publish","type":"post","link":"https:\/\/elinformante.mx\/?p=101375","title":{"rendered":"Analiza en el IEEM los desaf\u00edos para mujeres en la vida pol\u00edtica"},"content":{"rendered":"\n<figure class=\"wp-block-pullquote\"><blockquote><p>-Pulido G\u00f3mez advirti\u00f3 que, para las mujeres que participan en la vida p\u00fablica, el abuso digital se ha convertido en un mecanismo de marginaci\u00f3n.<\/p><\/blockquote><\/figure>\n\n\n\n<p class=\"has-drop-cap\">\u201cEl sentido del 8 de marzo es visibilizar, nombrar y amplificar para cambiar el paradigma\u201d, asegur\u00f3 la Consejera Presidenta del Instituto Electoral del Estado de M\u00e9xico (IEEM) Amalia Pulido G\u00f3mez, al dar la bienvenida a la Conferencia Magistral Mujeres en pol\u00edtica: retos en el ejercicio de sus derechos pol\u00edtico-electorales impartida por Leticia Bonifaz Alfonso, experta en Derechos Humanos e Igualdad de G\u00e9nero, y exintegrante del Comit\u00e9 para la Eliminaci\u00f3n de la Discriminaci\u00f3n contrala Mujer (CEDAW) de la Organizaci\u00f3n de las Naciones Unidas (ONU).<br><\/p>\n\n\n\n<p>Pulido G\u00f3mez advirti\u00f3 que, para las mujeres que participan en la vida p\u00fablica, el abuso digital se ha convertido en un mecanismo de marginaci\u00f3n.<br><\/p>\n\n\n\n<p>Puntualiz\u00f3 que este puede iniciar con mensajes y escalar hasta campa\u00f1as de odio, y sus efectos se reflejan en la autocensura, discriminaci\u00f3n laboral e incluso agresiones fuera de las pantallas. Subray\u00f3 que lo digital es real y que la democracia no puede sostener el silencio de las mujeres.<br><\/p>\n\n\n\n<p>Destac\u00f3 que en M\u00e9xico las experiencias de sobrevivientes de violencia contra las mujeres se han transformado en avances y regulaci\u00f3n, como el caso de Olimpia Coral Melo, quien a partir de su experiencia impuls\u00f3 el reconocimiento de la violencia digital en la legislaci\u00f3n a trav\u00e9s de la ley que hoy lleva su nombre.<br><\/p>\n\n\n\n<p>La consejera electoral Patricia Lozano Sanabria present\u00f3 a la ponente y resalt\u00f3 la amplia trayectoria de Leticia Bonifaz Alonso, licenciada y doctora en Derecho por la Universidad Nacional Aut\u00f3noma de M\u00e9xico (UNAM), donde ha impartido c\u00e1tedra por m\u00e1s de tres d\u00e9cadas. Bonifaz Alfonso reflexion\u00f3 que, aunque se han logrado avances en la participaci\u00f3n pol\u00edtica de las mujeres, a\u00fan es necesario consolidarlos.<br><\/p>\n\n\n\n<p>Se\u00f1al\u00f3 que progresos como la paridad en los espacios de poder son resultado, tanto de cambios legales como de las luchas sociales impulsadas por las propias mujeres.<br><\/p>\n\n\n\n<p>Advirti\u00f3 que estos logros han tenido retrocesos por decisiones impulsadas desde ciertos reg\u00edmenes pol\u00edticos. La experta agreg\u00f3 que la presencia de m\u00e1s mujeres en cargos p\u00fablicos no asegura por s\u00ed misma una transformaci\u00f3n.<br><\/p>\n\n\n\n<p>Explic\u00f3 que llegar a puestos de decisi\u00f3n debe ir acompa\u00f1ado de agendas que impulsen la igualdad y condiciones reales de participaci\u00f3n, pues a\u00fan persisten desigualdades relacionadas con las tareas de cuidado, los estereotipos y la violencia pol\u00edtica. Finalmente, a\u00f1adi\u00f3 que la lucha por la igualdad tiene dos objetivos: garantizar la participaci\u00f3n de las mujeres en condiciones de equidad y construir una vida libre de violencia.<\/p>\n","protected":false},"excerpt":{"rendered":"<p>-Pulido G\u00f3mez advirti\u00f3 que, para las mujeres que participan en la vida p\u00fablica, el abuso digital se ha convertido en un mecanismo de marginaci\u00f3n. \u201cEl sentido del 8 de marzo es visibilizar, nombrar y amplificar para cambiar el paradigma\u201d, asegur\u00f3 la Consejera Presidenta del Instituto Electoral del Estado de M\u00e9xico (IEEM) Amalia Pulido G\u00f3mez, al [&hellip;]<\/p>\n","protected":false},"author":1,"featured_media":101379,"comment_status":"closed","ping_status":"closed","sticky":false,"template":"","format":"standard","meta":{"footnotes":""},"categories":[30,36],"tags":[],"class_list":["post-101375","post","type-post","status-publish","format-standard","has-post-thumbnail","hentry","category-destacado","category-edomex"],"_links":{"self":[{"href":"https:\/\/elinformante.mx\/index.php?rest_route=\/wp\/v2\/posts\/101375","targetHints":{"allow":["GET"]}}],"collection":[{"href":"https:\/\/elinformante.mx\/index.php?rest_route=\/wp\/v2\/posts"}],"about":[{"href":"https:\/\/elinformante.mx\/index.php?rest_route=\/wp\/v2\/types\/post"}],"author":[{"embeddable":true,"href":"https:\/\/elinformante.mx\/index.php?rest_route=\/wp\/v2\/users\/1"}],"replies":[{"embeddable":true,"href":"https:\/\/elinformante.mx\/index.php?rest_route=%2Fwp%2Fv2%2Fcomments&post=101375"}],"version-history":[{"count":0,"href":"https:\/\/elinformante.mx\/index.php?rest_route=\/wp\/v2\/posts\/101375\/revisions"}],"wp:featuredmedia":[{"embeddable":true,"href":"https:\/\/elinformante.mx\/index.php?rest_route=\/wp\/v2\/media\/101379"}],"wp:attachment":[{"href":"https:\/\/elinformante.mx\/index.php?rest_route=%2Fwp%2Fv2%2Fmedia&parent=101375"}],"wp:term":[{"taxonomy":"category","embeddable":true,"href":"https:\/\/elinformante.mx\/index.php?rest_route=%2Fwp%2Fv2%2Fcategories&post=101375"},{"taxonomy":"post_tag","embeddable":true,"href":"https:\/\/elinformante.mx\/index.php?rest_route=%2Fwp%2Fv2%2Ftags&post=101375"}],"curies":[{"name":"wp","href":"https:\/\/api.w.org\/{rel}","templated":true}]}}