{"id":101386,"date":"2026-03-11T06:47:48","date_gmt":"2026-03-11T12:47:48","guid":{"rendered":"https:\/\/elinformante.mx\/?p=101386"},"modified":"2026-03-11T06:47:52","modified_gmt":"2026-03-11T12:47:52","slug":"no-existen-atajos-para-alcanzar-la-igualdad-debemos-construirla-paty-zarza","status":"publish","type":"post","link":"https:\/\/elinformante.mx\/?p=101386","title":{"rendered":"\u201cNo existen atajos para alcanzar la igualdad; debemos construirla\u201d: Paty Zarza"},"content":{"rendered":"\n<figure class=\"wp-block-pullquote\"><blockquote><p>-La rectora encabez\u00f3 la entrega de la Presea FAAPAUAEM a la Mujer Acad\u00e9mica Universitaria 2026 a destacadas acad\u00e9micas.<\/p><\/blockquote><\/figure>\n\n\n\n<p class=\"has-drop-cap\">\u201cNos tom\u00f3 200 a\u00f1os encabezar los trabajos de Rector\u00eda y tener un gabinete mayoritariamente femenino. Es tiempo de mujeres y no llegu\u00e9 sola, lo hago con la esperanza de mis compa\u00f1eras universitarias que pugnan por una vida m\u00e1s justa y una instituci\u00f3n que sea ejemplo de transformaci\u00f3n y retribuci\u00f3n social\u201d, expres\u00f3 la rectora de la Universidad Aut\u00f3noma del Estado de M\u00e9xico (UAEM\u00e9x), Martha Patricia Zarza Delgado.<br><\/p>\n\n\n\n<p>Lo anterior, en el marco de la ceremonia conmemorativa al D\u00eda Institucional de la Mujer Acad\u00e9mica Universitaria 2026, en la que la acad\u00e9mica e investigadora Lourdes Consuelo Pacheco Ladr\u00f3n de Guevara dict\u00f3 la conferencia magistral<br><\/p>\n\n\n\n<p>\u201cLa importancia de las rectoras para avanzar en la igualdad en las Instituciones de Educaci\u00f3n Superior (IES)\u201d, donde reflexion\u00f3 sobre el papel del liderazgo femenino en la transformaci\u00f3n de las universidades.<br><\/p>\n\n\n\n<figure class=\"wp-block-image size-large\"><img fetchpriority=\"high\" decoding=\"async\" width=\"1024\" height=\"506\" src=\"https:\/\/elinformante.mx\/wp-content\/uploads\/2026\/03\/8UAEMEX-2-1-1024x506.jpg\" alt=\"\" class=\"wp-image-101390\" srcset=\"https:\/\/elinformante.mx\/wp-content\/uploads\/2026\/03\/8UAEMEX-2-1-1024x506.jpg 1024w, https:\/\/elinformante.mx\/wp-content\/uploads\/2026\/03\/8UAEMEX-2-1-300x148.jpg 300w, https:\/\/elinformante.mx\/wp-content\/uploads\/2026\/03\/8UAEMEX-2-1-768x379.jpg 768w, https:\/\/elinformante.mx\/wp-content\/uploads\/2026\/03\/8UAEMEX-2-1.jpg 1140w\" sizes=\"(max-width: 1024px) 100vw, 1024px\" \/><\/figure>\n\n\n\n<p>Durante el acto, la rectora Martha Patricia Zarza Delgado, acompa\u00f1ada por la secretaria de Igualdad Sustantiva y Cuidados, Norma Baca Tavira, y la secretaria general de la Federaci\u00f3n de Asociaciones Aut\u00f3nomas de Personal Acad\u00e9mico de la instituci\u00f3n, Gilda Gonz\u00e1lez Villase\u00f1or, entreg\u00f3 la Presea FAAPAUAEM a la Mujer Acad\u00e9mica Universitaria 2026.<br><\/p>\n\n\n\n<p>Las galardonadas fueron Virginia Salazar D\u00edaz, en la categor\u00eda de Profesora de Asignatura; Madai Paola Villarreal Miranda, en Nivel Medio Superior, y Georgina Isabel Garc\u00eda L\u00f3pez, en Nivel Superior.<br><\/p>\n\n\n\n<p>Zarza Delgado subray\u00f3 que las universidades, como espacios de formaci\u00f3n de profesionistas e investigadoras que contribuyen al desarrollo social y econ\u00f3mico del pa\u00eds, requieren de la participaci\u00f3n plena de las mujeres para consolidar sociedades m\u00e1s equitativas, justas y libres de discriminaci\u00f3n.<br><\/p>\n\n\n\n<p>Afirm\u00f3 que la Transformaci\u00f3n Universitaria que impulsa la UAEM\u00e9x se sustenta en principios de igualdad, cercan\u00eda e inclusi\u00f3n, orientados a restaurar el valor de la participaci\u00f3n femenina en la vida acad\u00e9mica y a generar mecanismos institucionales que otorguen mayores oportunidades y visibilidad al trabajo de las mujeres que integran la comunidad auriverde.<br><\/p>\n\n\n\n<figure class=\"wp-block-image size-large\"><img decoding=\"async\" width=\"1024\" height=\"506\" src=\"https:\/\/elinformante.mx\/wp-content\/uploads\/2026\/03\/8UAEMEX-4-1-1024x506.jpg\" alt=\"\" class=\"wp-image-101391\" srcset=\"https:\/\/elinformante.mx\/wp-content\/uploads\/2026\/03\/8UAEMEX-4-1-1024x506.jpg 1024w, https:\/\/elinformante.mx\/wp-content\/uploads\/2026\/03\/8UAEMEX-4-1-300x148.jpg 300w, https:\/\/elinformante.mx\/wp-content\/uploads\/2026\/03\/8UAEMEX-4-1-768x379.jpg 768w, https:\/\/elinformante.mx\/wp-content\/uploads\/2026\/03\/8UAEMEX-4-1.jpg 1140w\" sizes=\"(max-width: 1024px) 100vw, 1024px\" \/><\/figure>\n\n\n\n<p>Norma Baca Tavira destac\u00f3 que la llegada de mujeres a las rector\u00edas representa un proceso hist\u00f3rico de apertura, disputa y reconfiguraci\u00f3n de los espacios de poder que durante siglos estuvieron dominados por l\u00f3gicas predominantemente masculinas.<br><\/p>\n\n\n\n<p>Sostuvo que la presencia de mujeres en estos cargos fortalece la democracia universitaria, al cuestionar inercias patriarcales, dignificar la vida institucional y abrir posibilidades reales de transformaci\u00f3n para las generaciones actuales y futuras.<br><\/p>\n\n\n\n<p>Gilda Gonz\u00e1lez Villase\u00f1or se\u00f1al\u00f3 que el trabajo hist\u00f3rico de las mujeres ha permitido avanzar en la construcci\u00f3n de espacios m\u00e1s abiertos e incluyentes.<br><\/p>\n\n\n\n<p>Lourdes Consuelo Pacheco Ladr\u00f3n de Guevara enfatiz\u00f3 que las universidades no son espacios neutrales al g\u00e9nero, pues reproducen desigualdades que se expresan en segregaci\u00f3n, divisi\u00f3n sexual del trabajo, violencia y discriminaci\u00f3n. Pero las mujeres rectoras y sus comunidades universitarias tienen la posibilidad de deconstruir las estructuras de poder masculinas mediante la actualizaci\u00f3n de las normativas universitarias.<\/p>\n\n\n\n<figure class=\"wp-block-image size-large\"><img decoding=\"async\" width=\"1024\" height=\"506\" src=\"https:\/\/elinformante.mx\/wp-content\/uploads\/2026\/03\/8UAEMEX-3-1-1024x506.jpg\" alt=\"\" class=\"wp-image-101393\" srcset=\"https:\/\/elinformante.mx\/wp-content\/uploads\/2026\/03\/8UAEMEX-3-1-1024x506.jpg 1024w, https:\/\/elinformante.mx\/wp-content\/uploads\/2026\/03\/8UAEMEX-3-1-300x148.jpg 300w, https:\/\/elinformante.mx\/wp-content\/uploads\/2026\/03\/8UAEMEX-3-1-768x379.jpg 768w, https:\/\/elinformante.mx\/wp-content\/uploads\/2026\/03\/8UAEMEX-3-1.jpg 1140w\" sizes=\"(max-width: 1024px) 100vw, 1024px\" \/><\/figure>\n","protected":false},"excerpt":{"rendered":"<p>-La rectora encabez\u00f3 la entrega de la Presea FAAPAUAEM a la Mujer Acad\u00e9mica Universitaria 2026 a destacadas acad\u00e9micas. \u201cNos tom\u00f3 200 a\u00f1os encabezar los trabajos de Rector\u00eda y tener un gabinete mayoritariamente femenino. Es tiempo de mujeres y no llegu\u00e9 sola, lo hago con la esperanza de mis compa\u00f1eras universitarias que pugnan por una vida [&hellip;]<\/p>\n","protected":false},"author":1,"featured_media":101389,"comment_status":"closed","ping_status":"closed","sticky":false,"template":"","format":"standard","meta":{"footnotes":""},"categories":[30,36,31],"tags":[46],"class_list":["post-101386","post","type-post","status-publish","format-standard","has-post-thumbnail","hentry","category-destacado","category-edomex","category-portada","tag-portadaedomex"],"_links":{"self":[{"href":"https:\/\/elinformante.mx\/index.php?rest_route=\/wp\/v2\/posts\/101386","targetHints":{"allow":["GET"]}}],"collection":[{"href":"https:\/\/elinformante.mx\/index.php?rest_route=\/wp\/v2\/posts"}],"about":[{"href":"https:\/\/elinformante.mx\/index.php?rest_route=\/wp\/v2\/types\/post"}],"author":[{"embeddable":true,"href":"https:\/\/elinformante.mx\/index.php?rest_route=\/wp\/v2\/users\/1"}],"replies":[{"embeddable":true,"href":"https:\/\/elinformante.mx\/index.php?rest_route=%2Fwp%2Fv2%2Fcomments&post=101386"}],"version-history":[{"count":0,"href":"https:\/\/elinformante.mx\/index.php?rest_route=\/wp\/v2\/posts\/101386\/revisions"}],"wp:featuredmedia":[{"embeddable":true,"href":"https:\/\/elinformante.mx\/index.php?rest_route=\/wp\/v2\/media\/101389"}],"wp:attachment":[{"href":"https:\/\/elinformante.mx\/index.php?rest_route=%2Fwp%2Fv2%2Fmedia&parent=101386"}],"wp:term":[{"taxonomy":"category","embeddable":true,"href":"https:\/\/elinformante.mx\/index.php?rest_route=%2Fwp%2Fv2%2Fcategories&post=101386"},{"taxonomy":"post_tag","embeddable":true,"href":"https:\/\/elinformante.mx\/index.php?rest_route=%2Fwp%2Fv2%2Ftags&post=101386"}],"curies":[{"name":"wp","href":"https:\/\/api.w.org\/{rel}","templated":true}]}}