{"id":101388,"date":"2026-03-11T06:54:38","date_gmt":"2026-03-11T12:54:38","guid":{"rendered":"https:\/\/elinformante.mx\/?p=101388"},"modified":"2026-03-11T06:54:51","modified_gmt":"2026-03-11T12:54:51","slug":"se-reducen-en-alvaro-obregon-29-7-los-delitos-de-alto-impacto","status":"publish","type":"post","link":"https:\/\/elinformante.mx\/?p=101388","title":{"rendered":"Se reducen en \u00c1lvaro Obreg\u00f3n 29.7% los delitos de alto impacto"},"content":{"rendered":"\n<figure class=\"wp-block-pullquote\"><blockquote><p>-El alcalde Javier L\u00f3pez Casar\u00edn explic\u00f3 que estos resultados est\u00e1n relacionados con la Estrategia 360 de seguridad.<\/p><\/blockquote><\/figure>\n\n\n\n<p class=\"has-drop-cap\">En la alcald\u00eda \u00c1lvaro Obreg\u00f3n se report\u00f3 una disminuci\u00f3n de 29.7% en delitos de alto impacto durante el primer bimestre de 2026, en comparaci\u00f3n con el mismo periodo del a\u00f1o pasado.<br><\/p>\n\n\n\n<p>Este resultado coloc\u00f3 a la alcald\u00eda como la segunda con mayor reducci\u00f3n de este tipo de delitos en la Ciudad de M\u00e9xico, seg\u00fan datos presentados durante el Gabinete de Coordinaci\u00f3n con Alcald\u00edas.<br><\/p>\n\n\n\n<figure class=\"wp-block-image size-large\"><img fetchpriority=\"high\" decoding=\"async\" width=\"1024\" height=\"506\" src=\"https:\/\/elinformante.mx\/wp-content\/uploads\/2026\/03\/6se-reduce-2-1024x506.jpg\" alt=\"\" class=\"wp-image-101396\" srcset=\"https:\/\/elinformante.mx\/wp-content\/uploads\/2026\/03\/6se-reduce-2-1024x506.jpg 1024w, https:\/\/elinformante.mx\/wp-content\/uploads\/2026\/03\/6se-reduce-2-300x148.jpg 300w, https:\/\/elinformante.mx\/wp-content\/uploads\/2026\/03\/6se-reduce-2-768x379.jpg 768w, https:\/\/elinformante.mx\/wp-content\/uploads\/2026\/03\/6se-reduce-2.jpg 1140w\" sizes=\"(max-width: 1024px) 100vw, 1024px\" \/><\/figure>\n\n\n\n<p>El alcalde Javier L\u00f3pez Casar\u00edn explic\u00f3 que estos resultados est\u00e1n relacionados con la Estrategia 360 de seguridad, con la que se han reforzado acciones como mayor presencia en las calles, coordinaci\u00f3n entre autoridades y trabajo de inteligencia para prevenir este tipo de situaciones que afectan directamente a la poblaci\u00f3n.<br><\/p>\n\n\n\n<p>Con esta reducci\u00f3n, \u00c1lvaro Obreg\u00f3n se coloc\u00f3 por encima de Gustavo A. Madero, que registr\u00f3 una disminuci\u00f3n de 29%, y solo por debajo de Cuajimalpa de Morelos, donde la baja fue de 35%.<br><\/p>\n\n\n\n<p>Para la Copa Mundial de la FIFA 2026, el alcalde Javier L\u00f3pez Casar\u00edn se\u00f1al\u00f3 que su gobierno seguir\u00e1 fortaleciendo las medidas de seguridad para mantener la tranquilidad tanto de las personas que viven en la alcald\u00eda como de quienes lleguen a la visiten durante el evento deportivo.<\/p>\n","protected":false},"excerpt":{"rendered":"<p>-El alcalde Javier L\u00f3pez Casar\u00edn explic\u00f3 que estos resultados est\u00e1n relacionados con la Estrategia 360 de seguridad. En la alcald\u00eda \u00c1lvaro Obreg\u00f3n se report\u00f3 una disminuci\u00f3n de 29.7% en delitos de alto impacto durante el primer bimestre de 2026, en comparaci\u00f3n con el mismo periodo del a\u00f1o pasado. Este resultado coloc\u00f3 a la alcald\u00eda como [&hellip;]<\/p>\n","protected":false},"author":1,"featured_media":101395,"comment_status":"closed","ping_status":"closed","sticky":false,"template":"","format":"standard","meta":{"footnotes":""},"categories":[35],"tags":[],"class_list":["post-101388","post","type-post","status-publish","format-standard","has-post-thumbnail","hentry","category-cdmx"],"_links":{"self":[{"href":"https:\/\/elinformante.mx\/index.php?rest_route=\/wp\/v2\/posts\/101388","targetHints":{"allow":["GET"]}}],"collection":[{"href":"https:\/\/elinformante.mx\/index.php?rest_route=\/wp\/v2\/posts"}],"about":[{"href":"https:\/\/elinformante.mx\/index.php?rest_route=\/wp\/v2\/types\/post"}],"author":[{"embeddable":true,"href":"https:\/\/elinformante.mx\/index.php?rest_route=\/wp\/v2\/users\/1"}],"replies":[{"embeddable":true,"href":"https:\/\/elinformante.mx\/index.php?rest_route=%2Fwp%2Fv2%2Fcomments&post=101388"}],"version-history":[{"count":0,"href":"https:\/\/elinformante.mx\/index.php?rest_route=\/wp\/v2\/posts\/101388\/revisions"}],"wp:featuredmedia":[{"embeddable":true,"href":"https:\/\/elinformante.mx\/index.php?rest_route=\/wp\/v2\/media\/101395"}],"wp:attachment":[{"href":"https:\/\/elinformante.mx\/index.php?rest_route=%2Fwp%2Fv2%2Fmedia&parent=101388"}],"wp:term":[{"taxonomy":"category","embeddable":true,"href":"https:\/\/elinformante.mx\/index.php?rest_route=%2Fwp%2Fv2%2Fcategories&post=101388"},{"taxonomy":"post_tag","embeddable":true,"href":"https:\/\/elinformante.mx\/index.php?rest_route=%2Fwp%2Fv2%2Ftags&post=101388"}],"curies":[{"name":"wp","href":"https:\/\/api.w.org\/{rel}","templated":true}]}}