{"id":101399,"date":"2026-03-11T07:06:32","date_gmt":"2026-03-11T13:06:32","guid":{"rendered":"https:\/\/elinformante.mx\/?p=101399"},"modified":"2026-03-11T07:06:38","modified_gmt":"2026-03-11T13:06:38","slug":"garantiza-clara-brugada-reparacion-integral-a-familias-de-las-victimas-por-inmueble-colapsado","status":"publish","type":"post","link":"https:\/\/elinformante.mx\/?p=101399","title":{"rendered":"Garantiza Clara Brugada reparaci\u00f3n integral a familias de las v\u00edctimas por inmueble colapsado"},"content":{"rendered":"\n<figure class=\"wp-block-pullquote\"><blockquote><p>-Anunci\u00f3 que se exhortar\u00e1 a las alcald\u00edas a fortalecer los mecanismos de supervisi\u00f3n y de vigilancia de las demoliciones<\/p><\/blockquote><\/figure>\n\n\n\n<p class=\"has-drop-cap\">La Jefa de Gobierno, Clara Brugada Molina, inform\u00f3 los resultados de las labores de rescate tras el colapso de un inmueble en proceso de demolici\u00f3n en la colonia Tr\u00e1nsito, alcald\u00eda Cuauht\u00e9moc; y asegur\u00f3 que no habr\u00e1 impunidad en la investigaci\u00f3n del caso que dej\u00f3 a una persona lesionada y a tres m\u00e1s sin vida.<br><\/p>\n\n\n\n<p>La mandataria capitalina expres\u00f3 la voluntad del gobierno de la ciudad para que la investigaci\u00f3n en torno al caso se conduzca con transparencia y se lleve a cabo hasta las \u00faltimas consecuencias con el objetivo de deslindar todas las responsabilidades necesarias.<br><\/p>\n\n\n\n<p>La Jefa de Gobierno indic\u00f3 que tras las labores de rescate en el inmueble colapsado se pudo confirmar el lamentable fallecimiento de tres personas, de 40, 33 y 30 a\u00f1os, por lo que extern\u00f3 su solidaridad con las familias.<br><\/p>\n\n\n\n<p>Brugada Molina inform\u00f3 que durante las labores de rescate un trabajador fue localizado con vida y trasladado al Hospital Rub\u00e9n Le\u00f1ero, donde se reporta fuera de peligro y con evoluci\u00f3n favorable.<br><\/p>\n\n\n\n<p>\u201cVamos a estar atentos al desarrollo de su situaci\u00f3n hasta que pueda regresar plenamente con su familia\u201d, expres\u00f3.<br><\/p>\n\n\n\n<figure class=\"wp-block-image size-large\"><img fetchpriority=\"high\" decoding=\"async\" width=\"1024\" height=\"506\" src=\"https:\/\/elinformante.mx\/wp-content\/uploads\/2026\/03\/5clara-4-1024x506.jpeg\" alt=\"\" class=\"wp-image-101403\" srcset=\"https:\/\/elinformante.mx\/wp-content\/uploads\/2026\/03\/5clara-4-1024x506.jpeg 1024w, https:\/\/elinformante.mx\/wp-content\/uploads\/2026\/03\/5clara-4-300x148.jpeg 300w, https:\/\/elinformante.mx\/wp-content\/uploads\/2026\/03\/5clara-4-768x379.jpeg 768w, https:\/\/elinformante.mx\/wp-content\/uploads\/2026\/03\/5clara-4.jpeg 1140w\" sizes=\"(max-width: 1024px) 100vw, 1024px\" \/><\/figure>\n\n\n\n<p>Destac\u00f3 que desde el primer momento se activ\u00f3 un amplio operativo interinstitucional para atender la emergencia con equipo especializado de rescatistas, personal de Protecci\u00f3n Civil, bomberos, polic\u00edas, param\u00e9dicos y especialistas en obras, adem\u00e1s del apoyo de Sedena, Marina y Guardia Nacional, explic\u00f3.<br><\/p>\n\n\n\n<p>Reconoci\u00f3 el trabajo de los cuerpos de emergencia que participaron en las labores durante varias horas, y que no descansaron hasta concluir la tarea de rescate y que contin\u00faan en la fase final de sus labores.<br><\/p>\n\n\n\n<p>El Gobierno de la Ciudad de M\u00e9xico activ\u00f3 mecanismos de acompa\u00f1amiento integral a los familiares de las v\u00edctimas, quienes son procedentes del Estado de M\u00e9xico, Hidalgo y Veracruz, a trav\u00e9s de la Comisi\u00f3n Ejecutiva de Atenci\u00f3n a V\u00edctimas con el objetivo de mantener comunicaci\u00f3n directa para garantizar el apoyo en todo lo que necesiten, desde asesor\u00eda hasta espacios de descanso y atenci\u00f3n durante el proceso.<br><\/p>\n\n\n\n<p>Respecto al inmueble, Brugada Molina explic\u00f3 que se trataba de un edificio privado en proceso de demolici\u00f3n que result\u00f3 afectado por el sismo de 2017, el cual hab\u00eda sido clasificado como de alto riesgo y notificado desde 2018 para su demolici\u00f3n.<br><\/p>\n\n\n\n<p>Inform\u00f3 que la Fiscal\u00eda General de Justicia de la Ciudad de M\u00e9xico inici\u00f3 una investigaci\u00f3n para esclarecer lo ocurrido y deslindar responsabilidades.<br><\/p>\n\n\n\n<p>La titular del Ejecutivo local anunci\u00f3 que solicitar\u00e1 a las 16 alcald\u00edas de la Ciudad de M\u00e9xico fortalecer los mecanismos de supervisi\u00f3n y vigilancia en procesos de demolici\u00f3n, a fin de prevenir riesgos y reforzar la seguridad en este tipo de obras.<\/p>\n","protected":false},"excerpt":{"rendered":"<p>-Anunci\u00f3 que se exhortar\u00e1 a las alcald\u00edas a fortalecer los mecanismos de supervisi\u00f3n y de vigilancia de las demoliciones La Jefa de Gobierno, Clara Brugada Molina, inform\u00f3 los resultados de las labores de rescate tras el colapso de un inmueble en proceso de demolici\u00f3n en la colonia Tr\u00e1nsito, alcald\u00eda Cuauht\u00e9moc; y asegur\u00f3 que no habr\u00e1 [&hellip;]<\/p>\n","protected":false},"author":1,"featured_media":101402,"comment_status":"closed","ping_status":"closed","sticky":false,"template":"","format":"standard","meta":{"footnotes":""},"categories":[35,30],"tags":[],"class_list":["post-101399","post","type-post","status-publish","format-standard","has-post-thumbnail","hentry","category-cdmx","category-destacado"],"_links":{"self":[{"href":"https:\/\/elinformante.mx\/index.php?rest_route=\/wp\/v2\/posts\/101399","targetHints":{"allow":["GET"]}}],"collection":[{"href":"https:\/\/elinformante.mx\/index.php?rest_route=\/wp\/v2\/posts"}],"about":[{"href":"https:\/\/elinformante.mx\/index.php?rest_route=\/wp\/v2\/types\/post"}],"author":[{"embeddable":true,"href":"https:\/\/elinformante.mx\/index.php?rest_route=\/wp\/v2\/users\/1"}],"replies":[{"embeddable":true,"href":"https:\/\/elinformante.mx\/index.php?rest_route=%2Fwp%2Fv2%2Fcomments&post=101399"}],"version-history":[{"count":0,"href":"https:\/\/elinformante.mx\/index.php?rest_route=\/wp\/v2\/posts\/101399\/revisions"}],"wp:featuredmedia":[{"embeddable":true,"href":"https:\/\/elinformante.mx\/index.php?rest_route=\/wp\/v2\/media\/101402"}],"wp:attachment":[{"href":"https:\/\/elinformante.mx\/index.php?rest_route=%2Fwp%2Fv2%2Fmedia&parent=101399"}],"wp:term":[{"taxonomy":"category","embeddable":true,"href":"https:\/\/elinformante.mx\/index.php?rest_route=%2Fwp%2Fv2%2Fcategories&post=101399"},{"taxonomy":"post_tag","embeddable":true,"href":"https:\/\/elinformante.mx\/index.php?rest_route=%2Fwp%2Fv2%2Ftags&post=101399"}],"curies":[{"name":"wp","href":"https:\/\/api.w.org\/{rel}","templated":true}]}}