{"id":101401,"date":"2026-03-11T07:08:05","date_gmt":"2026-03-11T13:08:05","guid":{"rendered":"https:\/\/elinformante.mx\/?p=101401"},"modified":"2026-03-11T07:08:07","modified_gmt":"2026-03-11T13:08:07","slug":"dialogan-gobierno-de-puebla-y-uaz-sobre-avances-en-favor-de-los-derechos-de-las-mujeres","status":"publish","type":"post","link":"https:\/\/elinformante.mx\/?p=101401","title":{"rendered":"Dialogan gobierno de Puebla y UAZ sobre avances en favor de los derechos de las mujeres"},"content":{"rendered":"\n<figure class=\"wp-block-pullquote\"><blockquote><p>-M\u00e1s de 200 alumnas y alumnos reflexionan sobre los avances y desaf\u00edos en la defensa de los derechos de las mujeres<\/p><\/blockquote><\/figure>\n\n\n\n<p class=\"has-drop-cap\">En el marco del D\u00eda Internacional de la Mujer, el Gobierno de Zacatecas, que encabeza el mandatario estatal David Monreal \u00c1vila, a trav\u00e9s de la Secretar\u00eda de las Mujeres, en coordinaci\u00f3n con la Unidad Acad\u00e9mica de Derecho de la Universidad Aut\u00f3noma de Zacatecas (UAZ), llev\u00f3 a cabo la mesa de di\u00e1logo \u201cAvances y retos en favor de los derechos de las mujeres\u201d, con el objetivo de generar un espacio de reflexi\u00f3n y di\u00e1logo sobre la participaci\u00f3n y el liderazgo de las mujeres en las instituciones p\u00fablicas.<br><\/p>\n\n\n\n<p>En este encuentro, participaron Karla Isabel Guardado Oropeza, secretaria de las Mujeres; Aida Alicia Lugo D\u00e1vila, magistrada de la Primera Sala Especializada en Juicio Contencioso Administrativo; Gloria Esparza Rodarte, magistrada presidenta del Tribunal de Justicia Electoral del Estado de Zacatecas.<br><\/p>\n\n\n\n<p>Dialogaron con las y los estudiantes, Norma Esparza Castro, consejera presidenta del \u00d3rgano de Administraci\u00f3n Judicial del Tribunal Superior de Justicia del Estado de Zacatecas; y Amparo J\u00e1uregui Dur\u00e1n, magistrada de la Segunda Sala Penal y de Adolescentes del Tribunal Superior de Justicia del Estado de Zacatecas.<br><\/p>\n\n\n\n<p>Durante el di\u00e1logo, cada una de las participantes comparti\u00f3 su experiencia desde el \u00e1mbito institucional que representa; destacaron los avances logrados en materia de igualdad, as\u00ed como los retos que a\u00fan persisten para garantizar plenamente los derechos de las mujeres.<br><\/p>\n\n\n\n<p>Adem\u00e1s, intercambiaron reflexiones con estudiantes de la Unidad Acad\u00e9mica de Derecho sobre el papel de las nuevas generaciones en la construcci\u00f3n de una sociedad m\u00e1s justa e igualitaria.<br><\/p>\n\n\n\n<p>La Secretaria de las Mujeres, Karla Isabel Guardado Oropeza, realiz\u00f3 una remembranza hist\u00f3rica sobre la creaci\u00f3n de la Secretar\u00eda de las Mujeres del Estado de Zacatecas; subray\u00f3 la importancia de esta instituci\u00f3n en el impulso de pol\u00edticas p\u00fablicas orientadas a la igualdad sustantiva y a la erradicaci\u00f3n de la violencia de g\u00e9nero.<br><\/p>\n\n\n\n<p>Eduardo Sol\u00eds, director de la Unidad Acad\u00e9mica de Derecho, destac\u00f3 la relevancia de promover este tipo de espacios de di\u00e1logo que permiten acercar a la comunidad estudiantil con mujeres que ocupan cargos de liderazgo en el servicio p\u00fablico y en el \u00e1mbito judicial.<br><\/p>\n\n\n\n<p>Al evento asistieron m\u00e1s de 200 alumnas y alumnos de la Unidad Acad\u00e9mica de Derecho, quienes participaron activamente en este encuentro acad\u00e9mico, enfocado en fortalecer la cultura de igualdad y respeto a los derechos de las mujeres.<\/p>\n","protected":false},"excerpt":{"rendered":"<p>-M\u00e1s de 200 alumnas y alumnos reflexionan sobre los avances y desaf\u00edos en la defensa de los derechos de las mujeres En el marco del D\u00eda Internacional de la Mujer, el Gobierno de Zacatecas, que encabeza el mandatario estatal David Monreal \u00c1vila, a trav\u00e9s de la Secretar\u00eda de las Mujeres, en coordinaci\u00f3n con la Unidad [&hellip;]<\/p>\n","protected":false},"author":1,"featured_media":101405,"comment_status":"closed","ping_status":"closed","sticky":false,"template":"","format":"standard","meta":{"footnotes":""},"categories":[34],"tags":[],"class_list":["post-101401","post","type-post","status-publish","format-standard","has-post-thumbnail","hentry","category-nacional"],"_links":{"self":[{"href":"https:\/\/elinformante.mx\/index.php?rest_route=\/wp\/v2\/posts\/101401","targetHints":{"allow":["GET"]}}],"collection":[{"href":"https:\/\/elinformante.mx\/index.php?rest_route=\/wp\/v2\/posts"}],"about":[{"href":"https:\/\/elinformante.mx\/index.php?rest_route=\/wp\/v2\/types\/post"}],"author":[{"embeddable":true,"href":"https:\/\/elinformante.mx\/index.php?rest_route=\/wp\/v2\/users\/1"}],"replies":[{"embeddable":true,"href":"https:\/\/elinformante.mx\/index.php?rest_route=%2Fwp%2Fv2%2Fcomments&post=101401"}],"version-history":[{"count":0,"href":"https:\/\/elinformante.mx\/index.php?rest_route=\/wp\/v2\/posts\/101401\/revisions"}],"wp:featuredmedia":[{"embeddable":true,"href":"https:\/\/elinformante.mx\/index.php?rest_route=\/wp\/v2\/media\/101405"}],"wp:attachment":[{"href":"https:\/\/elinformante.mx\/index.php?rest_route=%2Fwp%2Fv2%2Fmedia&parent=101401"}],"wp:term":[{"taxonomy":"category","embeddable":true,"href":"https:\/\/elinformante.mx\/index.php?rest_route=%2Fwp%2Fv2%2Fcategories&post=101401"},{"taxonomy":"post_tag","embeddable":true,"href":"https:\/\/elinformante.mx\/index.php?rest_route=%2Fwp%2Fv2%2Ftags&post=101401"}],"curies":[{"name":"wp","href":"https:\/\/api.w.org\/{rel}","templated":true}]}}