{"id":101404,"date":"2026-03-11T07:16:04","date_gmt":"2026-03-11T13:16:04","guid":{"rendered":"https:\/\/elinformante.mx\/?p=101404"},"modified":"2026-03-11T07:16:08","modified_gmt":"2026-03-11T13:16:08","slug":"presenta-tere-jimenez-programa-aguascalientes-pinta-bien","status":"publish","type":"post","link":"https:\/\/elinformante.mx\/?p=101404","title":{"rendered":"Presenta Tere Jim\u00e9nez programa \u201cAguascalientes \u00a1Pinta Bien!\u201d"},"content":{"rendered":"\n<figure class=\"wp-block-pullquote\"><blockquote><p>-Esta iniciativa se impulsa con una inversi\u00f3n de 30 millones de pesos.<\/p><\/blockquote><\/figure>\n\n\n\n<p class=\"has-drop-cap\">La gobernadora de Aguascalientes, Tere Jim\u00e9nez, encabez\u00f3 la presentaci\u00f3n de \u201cAguascalientes \u00a1Pinta Bien!\u201d, el programa de mejoramiento de imagen urbana m\u00e1s grande en la historia del estado, mediante el cual se pintar\u00e1n 10 mil fachadas en distintos municipios, con el objetivo de embellecer las ciudades y dignificar el entorno de miles de familias.<br><\/p>\n\n\n\n<p>Esta iniciativa se impulsa con una inversi\u00f3n de 30 millones de pesos y se realizar\u00e1 gracias a un esfuerzo conjunto entre el Gobierno del Estado, a trav\u00e9s de la Secretar\u00eda de Turismo (Sectur) y el Instituto Cultural de Aguascalientes (ICA), en coordinaci\u00f3n con el Instituto Nacional de Antropolog\u00eda e Historia (INAH), la Fundaci\u00f3n Coraz\u00f3n Urbano, los municipios y la propia ciudadan\u00eda.<br><\/p>\n\n\n\n<p>\u201cCuando hablamos de pintar fachadas, en realidad estamos hablando de dignidad, de orgullo, del lugar donde construimos nuestra vida todos los d\u00edas; este es un programa que embellece nuestras ciudades, que dignifica nuestras comunidades y que fortalece el orgullo de pertenecer a esta gran tierra. Porque cuando una ciudad se cuida, su gente vive mejor\u201d, subray\u00f3 la gobernadora.<br><\/p>\n\n\n\n<p>Tere Jim\u00e9nez destac\u00f3 que, a trav\u00e9s del programa, intervendr\u00e1n m\u00e1s de 350 mil metros cuadrados de fachadas de diversas colonias y comunidades en los municipios de Aguascalientes, Calvillo, Jes\u00fas Mar\u00eda, San Jos\u00e9 de Gracia, Pabell\u00f3n de Arteaga, Cos\u00edo, Asientos y El Llano.<br><\/p>\n\n\n\n<p>Mauricio Gonz\u00e1lez L\u00f3pez, secretario de Turismo del Estado, inform\u00f3 que el objetivo de este programa es fortalecer el sentido de pertenencia y arraigo de la poblaci\u00f3n con su municipio, mediante la creaci\u00f3n de una imagen urbana \u00fanica en cada uno de ellos, que los diferencie y les d\u00e9 car\u00e1cter, de acuerdo a su vocaci\u00f3n, arquitectura e historia.<br><\/p>\n\n\n\n<figure class=\"wp-block-image size-large\"><img fetchpriority=\"high\" decoding=\"async\" width=\"1024\" height=\"506\" src=\"https:\/\/elinformante.mx\/wp-content\/uploads\/2026\/03\/4tere-2-1024x506.jpg\" alt=\"\" class=\"wp-image-101408\" srcset=\"https:\/\/elinformante.mx\/wp-content\/uploads\/2026\/03\/4tere-2-1024x506.jpg 1024w, https:\/\/elinformante.mx\/wp-content\/uploads\/2026\/03\/4tere-2-300x148.jpg 300w, https:\/\/elinformante.mx\/wp-content\/uploads\/2026\/03\/4tere-2-768x379.jpg 768w, https:\/\/elinformante.mx\/wp-content\/uploads\/2026\/03\/4tere-2.jpg 1140w\" sizes=\"(max-width: 1024px) 100vw, 1024px\" \/><\/figure>\n\n\n\n<p>Subray\u00f3 que las mejoras en edificios y viviendas tendr\u00e1n un gran impacto social y tur\u00edstico para la comunidad y los visitantes.<br><\/p>\n\n\n\n<p>\u201cEn Aguascalientes, nuestro objetivo principal es mejorar la calidad de vida de todos nuestros habitantes y que nuestros visitantes disfruten de nuestras ciudades bonitas, agradables, arm\u00f3nicas, limpias, organizadas, seguras y bien planeadas; los ciudadanos estaremos orgullosos de vivir y pasear por nuestras lindas calles y los turistas encontrar\u00e1n lugares bonitos, con personalidad e identidad propia\u201d, precis\u00f3.<br><\/p>\n\n\n\n<p>Armando Reza Becerril, director general de la Fundaci\u00f3n Coraz\u00f3n Urbano, reconoci\u00f3 la visi\u00f3n y el compromiso de la gobernadora para participar en este proyecto.<br><\/p>\n\n\n\n<p>El presidente municipal de Aguascalientes, Leonardo Monta\u00f1ez Castro, destac\u00f3 que este a\u00f1o se conmemora el 450 aniversario de la fundaci\u00f3n del municipio capital, por lo que la mejor manera de celebrarlo es d\u00e1ndole color a sus calles, colonias y comunidades.<br><\/p>\n\n\n\n<p>\u201cHoy, Aguascalientes \u00a1pinta bien!, y no solo en sus edificios, pinta bien en el liderazgo de las mujeres; pinta bien como un estado seguro; pinta bien como un estado donde gozamos de los mejores m\u00e9dicos del pa\u00eds; pinta bien en el desarrollo; pinta bien en las inversiones. Gracias a la gobernadora por tener esa visi\u00f3n\u201d, indic\u00f3.<\/p>\n","protected":false},"excerpt":{"rendered":"<p>-Esta iniciativa se impulsa con una inversi\u00f3n de 30 millones de pesos. La gobernadora de Aguascalientes, Tere Jim\u00e9nez, encabez\u00f3 la presentaci\u00f3n de \u201cAguascalientes \u00a1Pinta Bien!\u201d, el programa de mejoramiento de imagen urbana m\u00e1s grande en la historia del estado, mediante el cual se pintar\u00e1n 10 mil fachadas en distintos municipios, con el objetivo de embellecer [&hellip;]<\/p>\n","protected":false},"author":1,"featured_media":101407,"comment_status":"closed","ping_status":"closed","sticky":false,"template":"","format":"standard","meta":{"footnotes":""},"categories":[30,34],"tags":[],"class_list":["post-101404","post","type-post","status-publish","format-standard","has-post-thumbnail","hentry","category-destacado","category-nacional"],"_links":{"self":[{"href":"https:\/\/elinformante.mx\/index.php?rest_route=\/wp\/v2\/posts\/101404","targetHints":{"allow":["GET"]}}],"collection":[{"href":"https:\/\/elinformante.mx\/index.php?rest_route=\/wp\/v2\/posts"}],"about":[{"href":"https:\/\/elinformante.mx\/index.php?rest_route=\/wp\/v2\/types\/post"}],"author":[{"embeddable":true,"href":"https:\/\/elinformante.mx\/index.php?rest_route=\/wp\/v2\/users\/1"}],"replies":[{"embeddable":true,"href":"https:\/\/elinformante.mx\/index.php?rest_route=%2Fwp%2Fv2%2Fcomments&post=101404"}],"version-history":[{"count":0,"href":"https:\/\/elinformante.mx\/index.php?rest_route=\/wp\/v2\/posts\/101404\/revisions"}],"wp:featuredmedia":[{"embeddable":true,"href":"https:\/\/elinformante.mx\/index.php?rest_route=\/wp\/v2\/media\/101407"}],"wp:attachment":[{"href":"https:\/\/elinformante.mx\/index.php?rest_route=%2Fwp%2Fv2%2Fmedia&parent=101404"}],"wp:term":[{"taxonomy":"category","embeddable":true,"href":"https:\/\/elinformante.mx\/index.php?rest_route=%2Fwp%2Fv2%2Fcategories&post=101404"},{"taxonomy":"post_tag","embeddable":true,"href":"https:\/\/elinformante.mx\/index.php?rest_route=%2Fwp%2Fv2%2Ftags&post=101404"}],"curies":[{"name":"wp","href":"https:\/\/api.w.org\/{rel}","templated":true}]}}