{"id":101426,"date":"2026-03-11T11:29:32","date_gmt":"2026-03-11T17:29:32","guid":{"rendered":"https:\/\/elinformante.mx\/?p=101426"},"modified":"2026-03-11T11:29:35","modified_gmt":"2026-03-11T17:29:35","slug":"mario-carrillo-pide-a-ochoa-como-titular-del-tri-para-el-mundial-2026","status":"publish","type":"post","link":"https:\/\/elinformante.mx\/?p=101426","title":{"rendered":"Mario Carrillo pide a Ochoa como titular del Tri para el Mundial 2026"},"content":{"rendered":"\n<p>El debate sobre la porter\u00eda de la Selecci\u00f3n Mexicana rumbo al Mundial de 2026 volvi\u00f3 a encenderse luego de que el analista de ESPN, Mario Carrillo, afirmara que Guillermo \u201cMemo\u201d Ochoa deber\u00eda ser el portero titular del Tri en el partido inaugural del torneo. El exentrenador asegur\u00f3 que, si el torneo comenzara hoy, colocar\u00eda al arquero mexicano bajo los tres postes.<\/p>\n\n\n\n<p>M\u00e9xico se prepara para debutar en la Copa del Mundo el 11 de junio de 2026 frente a Sud\u00e1frica en el Estadio Azteca. El equipo dirigido por Javier Aguirre llegar\u00e1 a ese encuentro tras disputar varios partidos de preparaci\u00f3n, incluidos los amistosos ante Portugal y B\u00e9lgica en la pr\u00f3xima Fecha FIFA.<\/p>\n\n\n\n<p>Carrillo destac\u00f3 la experiencia internacional de Ochoa y su historial en Copas del Mundo como argumentos clave para considerarlo titular. Seg\u00fan el analista, el actual portero del AEL Limassol ha demostrado en m\u00faltiples ocasiones su capacidad para responder en los escenarios m\u00e1s importantes del futbol.<\/p>\n\n\n\n<p>Durante el programa <em>Futbol Picante<\/em>, Ricardo Pel\u00e1ez tambi\u00e9n coincidi\u00f3 en que Ochoa podr\u00eda ser una opci\u00f3n v\u00e1lida para el Tri. El exdirectivo se\u00f1al\u00f3 que la experiencia del guardameta podr\u00eda ser determinante, especialmente considerando que otros porteros mexicanos no atraviesan por su mejor momento.<\/p>\n\n\n\n<p>En las \u00faltimas convocatorias, el t\u00e9cnico Javier Aguirre no ha incluido a Ochoa en la lista de la Selecci\u00f3n Mexicana. Sin embargo, con el Mundial cada vez m\u00e1s cerca, el debate sobre qui\u00e9n ser\u00e1 el portero titular del Tri sigue abierto entre analistas, aficionados y especialistas.<\/p>\n","protected":false},"excerpt":{"rendered":"<p>El debate sobre la porter\u00eda de la Selecci\u00f3n Mexicana rumbo al Mundial de 2026 volvi\u00f3 a encenderse luego de que el analista de ESPN, Mario Carrillo, afirmara que Guillermo \u201cMemo\u201d Ochoa deber\u00eda ser el portero titular del Tri en el partido inaugural del torneo. El exentrenador asegur\u00f3 que, si el torneo comenzara hoy, colocar\u00eda al [&hellip;]<\/p>\n","protected":false},"author":2,"featured_media":101427,"comment_status":"closed","ping_status":"closed","sticky":false,"template":"","format":"standard","meta":{"footnotes":""},"categories":[38],"tags":[],"class_list":["post-101426","post","type-post","status-publish","format-standard","has-post-thumbnail","hentry","category-deportes"],"_links":{"self":[{"href":"https:\/\/elinformante.mx\/index.php?rest_route=\/wp\/v2\/posts\/101426","targetHints":{"allow":["GET"]}}],"collection":[{"href":"https:\/\/elinformante.mx\/index.php?rest_route=\/wp\/v2\/posts"}],"about":[{"href":"https:\/\/elinformante.mx\/index.php?rest_route=\/wp\/v2\/types\/post"}],"author":[{"embeddable":true,"href":"https:\/\/elinformante.mx\/index.php?rest_route=\/wp\/v2\/users\/2"}],"replies":[{"embeddable":true,"href":"https:\/\/elinformante.mx\/index.php?rest_route=%2Fwp%2Fv2%2Fcomments&post=101426"}],"version-history":[{"count":0,"href":"https:\/\/elinformante.mx\/index.php?rest_route=\/wp\/v2\/posts\/101426\/revisions"}],"wp:featuredmedia":[{"embeddable":true,"href":"https:\/\/elinformante.mx\/index.php?rest_route=\/wp\/v2\/media\/101427"}],"wp:attachment":[{"href":"https:\/\/elinformante.mx\/index.php?rest_route=%2Fwp%2Fv2%2Fmedia&parent=101426"}],"wp:term":[{"taxonomy":"category","embeddable":true,"href":"https:\/\/elinformante.mx\/index.php?rest_route=%2Fwp%2Fv2%2Fcategories&post=101426"},{"taxonomy":"post_tag","embeddable":true,"href":"https:\/\/elinformante.mx\/index.php?rest_route=%2Fwp%2Fv2%2Ftags&post=101426"}],"curies":[{"name":"wp","href":"https:\/\/api.w.org\/{rel}","templated":true}]}}