{"id":101433,"date":"2026-03-11T16:28:49","date_gmt":"2026-03-11T22:28:49","guid":{"rendered":"https:\/\/elinformante.mx\/?p=101433"},"modified":"2026-03-11T16:28:51","modified_gmt":"2026-03-11T22:28:51","slug":"malagon-sufre-ruptura-del-tendon-de-aquiles-y-dice-adios-al-mundial-2026","status":"publish","type":"post","link":"https:\/\/elinformante.mx\/?p=101433","title":{"rendered":"Malag\u00f3n sufre ruptura del tend\u00f3n de Aquiles y dice adi\u00f3s al Mundial 2026"},"content":{"rendered":"\n<p>El Club Am\u00e9rica confirm\u00f3 que el portero Luis \u00c1ngel Malag\u00f3n sufri\u00f3 una ruptura total del tend\u00f3n de Aquiles de la pierna izquierda, lesi\u00f3n que requerir\u00e1 intervenci\u00f3n quir\u00fargica y un prolongado periodo de recuperaci\u00f3n. Con este diagn\u00f3stico, el guardameta queda descartado para disputar la Copa Mundial de la FIFA 2026 con la Selecci\u00f3n Mexicana.<\/p>\n\n\n\n<p>La lesi\u00f3n ocurri\u00f3 durante una jugada en la que el arquero apoy\u00f3 el pie izquierdo para controlar el bal\u00f3n. En ese momento cay\u00f3 al c\u00e9sped con visibles gestos de dolor y llev\u00f3 su mano a la zona del tobillo, lo que encendi\u00f3 de inmediato las alarmas del cuerpo m\u00e9dico del equipo.<\/p>\n\n\n\n<p>Tras las primeras evaluaciones y estudios m\u00e9dicos, el club azulcrema confirm\u00f3 la gravedad de la lesi\u00f3n. La ruptura del tend\u00f3n de Aquiles es una de las lesiones m\u00e1s delicadas para un futbolista y suele requerir varios meses de rehabilitaci\u00f3n antes de regresar a la actividad profesional.<\/p>\n\n\n\n<p>Horas despu\u00e9s del diagn\u00f3stico, Malag\u00f3n se pronunci\u00f3 en redes sociales para agradecer las muestras de apoyo recibidas. El portero reconoci\u00f3 que se trata de un momento complicado en su carrera, especialmente por el impacto que tiene en su posibilidad de disputar el Mundial.<\/p>\n\n\n\n<p>La baja del guardameta genera un nuevo escenario para la Selecci\u00f3n Mexicana a pocos meses del inicio de la Copa del Mundo. Mientras tanto, Malag\u00f3n iniciar\u00e1 su proceso de recuperaci\u00f3n con la esperanza de volver a las canchas una vez superada la cirug\u00eda.<\/p>\n","protected":false},"excerpt":{"rendered":"<p>El Club Am\u00e9rica confirm\u00f3 que el portero Luis \u00c1ngel Malag\u00f3n sufri\u00f3 una ruptura total del tend\u00f3n de Aquiles de la pierna izquierda, lesi\u00f3n que requerir\u00e1 intervenci\u00f3n quir\u00fargica y un prolongado periodo de recuperaci\u00f3n. Con este diagn\u00f3stico, el guardameta queda descartado para disputar la Copa Mundial de la FIFA 2026 con la Selecci\u00f3n Mexicana. La lesi\u00f3n [&hellip;]<\/p>\n","protected":false},"author":2,"featured_media":101434,"comment_status":"closed","ping_status":"closed","sticky":false,"template":"","format":"standard","meta":{"footnotes":""},"categories":[1],"tags":[],"class_list":["post-101433","post","type-post","status-publish","format-standard","has-post-thumbnail","hentry","category-sin-categoria"],"_links":{"self":[{"href":"https:\/\/elinformante.mx\/index.php?rest_route=\/wp\/v2\/posts\/101433","targetHints":{"allow":["GET"]}}],"collection":[{"href":"https:\/\/elinformante.mx\/index.php?rest_route=\/wp\/v2\/posts"}],"about":[{"href":"https:\/\/elinformante.mx\/index.php?rest_route=\/wp\/v2\/types\/post"}],"author":[{"embeddable":true,"href":"https:\/\/elinformante.mx\/index.php?rest_route=\/wp\/v2\/users\/2"}],"replies":[{"embeddable":true,"href":"https:\/\/elinformante.mx\/index.php?rest_route=%2Fwp%2Fv2%2Fcomments&post=101433"}],"version-history":[{"count":0,"href":"https:\/\/elinformante.mx\/index.php?rest_route=\/wp\/v2\/posts\/101433\/revisions"}],"wp:featuredmedia":[{"embeddable":true,"href":"https:\/\/elinformante.mx\/index.php?rest_route=\/wp\/v2\/media\/101434"}],"wp:attachment":[{"href":"https:\/\/elinformante.mx\/index.php?rest_route=%2Fwp%2Fv2%2Fmedia&parent=101433"}],"wp:term":[{"taxonomy":"category","embeddable":true,"href":"https:\/\/elinformante.mx\/index.php?rest_route=%2Fwp%2Fv2%2Fcategories&post=101433"},{"taxonomy":"post_tag","embeddable":true,"href":"https:\/\/elinformante.mx\/index.php?rest_route=%2Fwp%2Fv2%2Ftags&post=101433"}],"curies":[{"name":"wp","href":"https:\/\/api.w.org\/{rel}","templated":true}]}}