{"id":101435,"date":"2026-03-11T16:50:58","date_gmt":"2026-03-11T22:50:58","guid":{"rendered":"https:\/\/elinformante.mx\/?p=101435"},"modified":"2026-03-11T16:51:00","modified_gmt":"2026-03-11T22:51:00","slug":"cal-raleigh-aclara-incidente-con-randy-arozarena-en-el-clasico-del-mundial-de-beisbol","status":"publish","type":"post","link":"https:\/\/elinformante.mx\/?p=101435","title":{"rendered":"Cal Raleigh aclara incidente con Randy Arozarena en el Cl\u00e1sico del Mundial de B\u00e9isbol"},"content":{"rendered":"\n<p>El receptor de los Seattle Mariners, Cal Raleigh, se pronunci\u00f3 p\u00fablicamente tras la pol\u00e9mica generada por un momento ocurrido con el mexicano Randy Arozarena durante el partido entre Estados Unidos y M\u00e9xico en el Cl\u00e1sico Mundial de B\u00e9isbol 2026. El incidente, en el que Raleigh aparentemente evit\u00f3 saludar a su compa\u00f1ero de equipo en Grandes Ligas, gener\u00f3 cr\u00edticas y debate en redes sociales.<\/p>\n\n\n\n<p>Ante la controversia, el pelotero estadounidense explic\u00f3 que no existe ning\u00fan conflicto personal con Arozarena y que el episodio fue parte de la intensidad propia de un encuentro internacional. Raleigh asegur\u00f3 que ya habl\u00f3 con el jugador mexicano y reiter\u00f3 que mantienen una buena relaci\u00f3n dentro y fuera del terreno de juego.<\/p>\n\n\n\n<p>\u201cCon respecto a lo que ocurri\u00f3 con Randy, lo aprecio mucho. No hay ning\u00fan problema. Cuando regresemos a Seattle seguir\u00e1 siendo mi hermano y mi familia. Fue un momento competitivo y las emociones se salieron un poco de control\u201d, expres\u00f3 el catcher al referirse a la jugada.<\/p>\n\n\n\n<p>El jugador de los Mariners tambi\u00e9n destac\u00f3 que durante el torneo su prioridad era defender a su selecci\u00f3n y apoyar a sus compa\u00f1eros de equipo. Seg\u00fan explic\u00f3, situaciones de alta presi\u00f3n en partidos entre rivales deportivos hist\u00f3ricos como M\u00e9xico y Estados Unidos pueden provocar reacciones intensas.<\/p>\n\n\n\n<p>Mientras tanto, la Selecci\u00f3n Mexicana mantiene viva la posibilidad de avanzar a la siguiente ronda del torneo. Tras la victoria de Italia sobre Estados Unidos, el equipo dirigido por Benjam\u00edn Gil depende de su resultado ante la novena italiana para asegurar su pase a la siguiente fase del Cl\u00e1sico Mundial de B\u00e9isbol.<\/p>\n","protected":false},"excerpt":{"rendered":"<p>El receptor de los Seattle Mariners, Cal Raleigh, se pronunci\u00f3 p\u00fablicamente tras la pol\u00e9mica generada por un momento ocurrido con el mexicano Randy Arozarena durante el partido entre Estados Unidos y M\u00e9xico en el Cl\u00e1sico Mundial de B\u00e9isbol 2026. El incidente, en el que Raleigh aparentemente evit\u00f3 saludar a su compa\u00f1ero de equipo en Grandes [&hellip;]<\/p>\n","protected":false},"author":2,"featured_media":101438,"comment_status":"closed","ping_status":"closed","sticky":false,"template":"","format":"standard","meta":{"footnotes":""},"categories":[1],"tags":[],"class_list":["post-101435","post","type-post","status-publish","format-standard","has-post-thumbnail","hentry","category-sin-categoria"],"_links":{"self":[{"href":"https:\/\/elinformante.mx\/index.php?rest_route=\/wp\/v2\/posts\/101435","targetHints":{"allow":["GET"]}}],"collection":[{"href":"https:\/\/elinformante.mx\/index.php?rest_route=\/wp\/v2\/posts"}],"about":[{"href":"https:\/\/elinformante.mx\/index.php?rest_route=\/wp\/v2\/types\/post"}],"author":[{"embeddable":true,"href":"https:\/\/elinformante.mx\/index.php?rest_route=\/wp\/v2\/users\/2"}],"replies":[{"embeddable":true,"href":"https:\/\/elinformante.mx\/index.php?rest_route=%2Fwp%2Fv2%2Fcomments&post=101435"}],"version-history":[{"count":0,"href":"https:\/\/elinformante.mx\/index.php?rest_route=\/wp\/v2\/posts\/101435\/revisions"}],"wp:featuredmedia":[{"embeddable":true,"href":"https:\/\/elinformante.mx\/index.php?rest_route=\/wp\/v2\/media\/101438"}],"wp:attachment":[{"href":"https:\/\/elinformante.mx\/index.php?rest_route=%2Fwp%2Fv2%2Fmedia&parent=101435"}],"wp:term":[{"taxonomy":"category","embeddable":true,"href":"https:\/\/elinformante.mx\/index.php?rest_route=%2Fwp%2Fv2%2Fcategories&post=101435"},{"taxonomy":"post_tag","embeddable":true,"href":"https:\/\/elinformante.mx\/index.php?rest_route=%2Fwp%2Fv2%2Ftags&post=101435"}],"curies":[{"name":"wp","href":"https:\/\/api.w.org\/{rel}","templated":true}]}}