{"id":101437,"date":"2026-03-11T16:51:22","date_gmt":"2026-03-11T22:51:22","guid":{"rendered":"https:\/\/elinformante.mx\/?p=101437"},"modified":"2026-03-11T16:51:28","modified_gmt":"2026-03-11T22:51:28","slug":"manuel-velasco-llama-al-dialogo-tras-rechazo-de-reforma-electoral-en-diputados","status":"publish","type":"post","link":"https:\/\/elinformante.mx\/?p=101437","title":{"rendered":"Manuel Velasco llama al di\u00e1logo tras rechazo de reforma electoral en diputados"},"content":{"rendered":"\n<p>Luego de que la reforma electoral fuera rechazada en la C\u00e1mara de Diputados, el coordinador del Partido Verde Ecologista de M\u00e9xico en el Senado, Manuel Velasco, se\u00f1al\u00f3 que no considera necesaria una \u201coperaci\u00f3n cicatriz\u201d, aunque s\u00ed plante\u00f3 la importancia de abrir espacios de di\u00e1logo entre las fuerzas pol\u00edticas de la coalici\u00f3n.<\/p>\n\n\n\n<p>El senador explic\u00f3 que, tras la votaci\u00f3n en San L\u00e1zaro, es fundamental mantener la comunicaci\u00f3n entre los partidos aliados para fortalecer la coordinaci\u00f3n pol\u00edtica de cara a los pr\u00f3ximos procesos electorales.<\/p>\n\n\n\n<p>Velasco destac\u00f3 que el objetivo debe centrarse en consolidar el trabajo conjunto entre las fuerzas que integran la coalici\u00f3n, buscando mantener acuerdos y estrategias comunes.<\/p>\n\n\n\n<p>Asimismo, consider\u00f3 que el momento pol\u00edtico representa una oportunidad para revisar posturas y continuar construyendo consensos dentro del bloque legislativo.<\/p>\n\n\n\n<p>El legislador indic\u00f3 que el di\u00e1logo entre los partidos ser\u00e1 clave para fortalecer la alianza pol\u00edtica rumbo a las elecciones de 2027.<\/p>\n","protected":false},"excerpt":{"rendered":"<p>Luego de que la reforma electoral fuera rechazada en la C\u00e1mara de Diputados, el coordinador del Partido Verde Ecologista de M\u00e9xico en el Senado, Manuel Velasco, se\u00f1al\u00f3 que no considera necesaria una \u201coperaci\u00f3n cicatriz\u201d, aunque s\u00ed plante\u00f3 la importancia de abrir espacios de di\u00e1logo entre las fuerzas pol\u00edticas de la coalici\u00f3n. El senador explic\u00f3 que, [&hellip;]<\/p>\n","protected":false},"author":2,"featured_media":101439,"comment_status":"closed","ping_status":"closed","sticky":false,"template":"","format":"standard","meta":{"footnotes":""},"categories":[34],"tags":[],"class_list":["post-101437","post","type-post","status-publish","format-standard","has-post-thumbnail","hentry","category-nacional"],"_links":{"self":[{"href":"https:\/\/elinformante.mx\/index.php?rest_route=\/wp\/v2\/posts\/101437","targetHints":{"allow":["GET"]}}],"collection":[{"href":"https:\/\/elinformante.mx\/index.php?rest_route=\/wp\/v2\/posts"}],"about":[{"href":"https:\/\/elinformante.mx\/index.php?rest_route=\/wp\/v2\/types\/post"}],"author":[{"embeddable":true,"href":"https:\/\/elinformante.mx\/index.php?rest_route=\/wp\/v2\/users\/2"}],"replies":[{"embeddable":true,"href":"https:\/\/elinformante.mx\/index.php?rest_route=%2Fwp%2Fv2%2Fcomments&post=101437"}],"version-history":[{"count":0,"href":"https:\/\/elinformante.mx\/index.php?rest_route=\/wp\/v2\/posts\/101437\/revisions"}],"wp:featuredmedia":[{"embeddable":true,"href":"https:\/\/elinformante.mx\/index.php?rest_route=\/wp\/v2\/media\/101439"}],"wp:attachment":[{"href":"https:\/\/elinformante.mx\/index.php?rest_route=%2Fwp%2Fv2%2Fmedia&parent=101437"}],"wp:term":[{"taxonomy":"category","embeddable":true,"href":"https:\/\/elinformante.mx\/index.php?rest_route=%2Fwp%2Fv2%2Fcategories&post=101437"},{"taxonomy":"post_tag","embeddable":true,"href":"https:\/\/elinformante.mx\/index.php?rest_route=%2Fwp%2Fv2%2Ftags&post=101437"}],"curies":[{"name":"wp","href":"https:\/\/api.w.org\/{rel}","templated":true}]}}