{"id":101455,"date":"2026-03-12T05:58:08","date_gmt":"2026-03-12T11:58:08","guid":{"rendered":"https:\/\/elinformante.mx\/?p=101455"},"modified":"2026-03-12T05:58:12","modified_gmt":"2026-03-12T11:58:12","slug":"supervisa-ramirez-ponce-rehabilitacion-de-cancha-deportiva-en-la-unidad-huitzizilapan","status":"publish","type":"post","link":"https:\/\/elinformante.mx\/?p=101455","title":{"rendered":"Supervisa Ram\u00edrez Ponce rehabilitaci\u00f3n de cancha deportiva en La Unidad Huitzizilapan"},"content":{"rendered":"\n<figure class=\"wp-block-pullquote\"><blockquote><p>-La obra beneficiar\u00e1 directamente a ni\u00f1as, ni\u00f1os y j\u00f3venes de la zona de la monta\u00f1a.<\/p><\/blockquote><\/figure>\n\n\n\n<p class=\"has-drop-cap\">Con el objetivo de dignificar los espacios p\u00fablicos y fomentar el sano desarrollo de la juventud lermense, el presidente municipal, Miguel \u00c1ngel Ram\u00edrez Ponce, encabez\u00f3 la supervisi\u00f3n de los trabajos de rehabilitaci\u00f3n de la cancha de b\u00e1squetbol en la comunidad de La Unidad Huitzizilapan.<br><\/p>\n\n\n\n<p>Acompa\u00f1ado por el equipo de la Subdirecci\u00f3n de Infraestructura y Mantenimiento del IMCUFIDE, el alcalde constat\u00f3 los avances de esta obra que forma parte del programa permanente de mejora de instalaciones deportivas en las diversas regiones del municipio.<br><\/p>\n\n\n\n<figure class=\"wp-block-image size-large\"><img fetchpriority=\"high\" decoding=\"async\" width=\"1024\" height=\"506\" src=\"https:\/\/elinformante.mx\/wp-content\/uploads\/2026\/03\/13lerma-5-1024x506.jpg\" alt=\"\" class=\"wp-image-101460\" srcset=\"https:\/\/elinformante.mx\/wp-content\/uploads\/2026\/03\/13lerma-5-1024x506.jpg 1024w, https:\/\/elinformante.mx\/wp-content\/uploads\/2026\/03\/13lerma-5-300x148.jpg 300w, https:\/\/elinformante.mx\/wp-content\/uploads\/2026\/03\/13lerma-5-768x379.jpg 768w, https:\/\/elinformante.mx\/wp-content\/uploads\/2026\/03\/13lerma-5.jpg 1140w\" sizes=\"(max-width: 1024px) 100vw, 1024px\" \/><\/figure>\n\n\n\n<p>Ram\u00edrez Ponce destac\u00f3 que estos trabajos son el resultado de la comunicaci\u00f3n estrecha con los diferentes \u00f3rdenes de gobierno y el compromiso de su administraci\u00f3n por ofrecer lugares dignos para la activaci\u00f3n f\u00edsica. \u201cEn Lerma priorizamos el trabajo de unidad; muy pronto este espacio estar\u00e1 en \u00f3ptimas condiciones para que nuestras ni\u00f1as y ni\u00f1os practiquen deporte en un entorno seguro y renovado\u201d, se\u00f1al\u00f3.<br><\/p>\n\n\n\n<p>La intervenci\u00f3n integral de la cancha deportiva incluir\u00e1 el acondicionamiento de la superficie, adem\u00e1s de la reparaci\u00f3n y nivelaci\u00f3n de la plancha de concreto. Tambi\u00e9n se aplicar\u00e1 pintura base en color gris perla, trazado preciso de ejes, \u00e1ngulos, \u00e1reas y centro de cancha. Junto el lijado y pintura de tableros y postes para garantizar su durabilidad. Las labores de poda y limpieza general se realizar\u00e1n en las \u00e1reas verdes circundantes.<\/p>\n","protected":false},"excerpt":{"rendered":"<p>-La obra beneficiar\u00e1 directamente a ni\u00f1as, ni\u00f1os y j\u00f3venes de la zona de la monta\u00f1a. Con el objetivo de dignificar los espacios p\u00fablicos y fomentar el sano desarrollo de la juventud lermense, el presidente municipal, Miguel \u00c1ngel Ram\u00edrez Ponce, encabez\u00f3 la supervisi\u00f3n de los trabajos de rehabilitaci\u00f3n de la cancha de b\u00e1squetbol en la comunidad [&hellip;]<\/p>\n","protected":false},"author":1,"featured_media":101459,"comment_status":"closed","ping_status":"closed","sticky":false,"template":"","format":"standard","meta":{"footnotes":""},"categories":[30,36],"tags":[],"class_list":["post-101455","post","type-post","status-publish","format-standard","has-post-thumbnail","hentry","category-destacado","category-edomex"],"_links":{"self":[{"href":"https:\/\/elinformante.mx\/index.php?rest_route=\/wp\/v2\/posts\/101455","targetHints":{"allow":["GET"]}}],"collection":[{"href":"https:\/\/elinformante.mx\/index.php?rest_route=\/wp\/v2\/posts"}],"about":[{"href":"https:\/\/elinformante.mx\/index.php?rest_route=\/wp\/v2\/types\/post"}],"author":[{"embeddable":true,"href":"https:\/\/elinformante.mx\/index.php?rest_route=\/wp\/v2\/users\/1"}],"replies":[{"embeddable":true,"href":"https:\/\/elinformante.mx\/index.php?rest_route=%2Fwp%2Fv2%2Fcomments&post=101455"}],"version-history":[{"count":0,"href":"https:\/\/elinformante.mx\/index.php?rest_route=\/wp\/v2\/posts\/101455\/revisions"}],"wp:featuredmedia":[{"embeddable":true,"href":"https:\/\/elinformante.mx\/index.php?rest_route=\/wp\/v2\/media\/101459"}],"wp:attachment":[{"href":"https:\/\/elinformante.mx\/index.php?rest_route=%2Fwp%2Fv2%2Fmedia&parent=101455"}],"wp:term":[{"taxonomy":"category","embeddable":true,"href":"https:\/\/elinformante.mx\/index.php?rest_route=%2Fwp%2Fv2%2Fcategories&post=101455"},{"taxonomy":"post_tag","embeddable":true,"href":"https:\/\/elinformante.mx\/index.php?rest_route=%2Fwp%2Fv2%2Ftags&post=101455"}],"curies":[{"name":"wp","href":"https:\/\/api.w.org\/{rel}","templated":true}]}}