{"id":101472,"date":"2026-03-12T06:18:57","date_gmt":"2026-03-12T12:18:57","guid":{"rendered":"https:\/\/elinformante.mx\/?p=101472"},"modified":"2026-03-12T06:19:04","modified_gmt":"2026-03-12T12:19:04","slug":"promueve-uaemex-bienestar-y-autoconocimiento-mediante-dialogos","status":"publish","type":"post","link":"https:\/\/elinformante.mx\/?p=101472","title":{"rendered":"Promueve UAEM\u00e9x bienestar y autoconocimiento mediante di\u00e1logos"},"content":{"rendered":"\n<figure class=\"wp-block-pullquote\"><blockquote><p>-Se busca fortalecer la vida universitaria a trav\u00e9s de la construcci\u00f3n de comunidades m\u00e1s conscientes.<\/p><\/blockquote><\/figure>\n\n\n\n<p class=\"has-drop-cap\">Con el objetivo de fomentar un desarrollo integral que trascienda las aulas, la Universidad Aut\u00f3noma del Estado de M\u00e9xico (UAEM\u00e9x) llev\u00f3 a cabo la charla \u201cConstruyendo el camino com\u00fan\u201d, contando con la destacada participaci\u00f3n del reconocido artista y dise\u00f1ador Sebasti\u00e1n Err\u00e1zuriz.<br><\/p>\n\n\n\n<p>Durante el encuentro, la rectora de la M\u00e1xima Casa de Estudios mexiquense, Paty Zarza Delgado, enfatiz\u00f3 que estos espacios de di\u00e1logo son fundamentales para la formaci\u00f3n de la comunidad verde y oro. Destac\u00f3 que las reflexiones compartidas por Err\u00e1zuriz invitan a la comunidad estudiantil y acad\u00e9mica a priorizar el bienestar, el autoconocimiento y la empat\u00eda como pilares del \u00e9xito personal y profesional.<br><\/p>\n\n\n\n<figure class=\"wp-block-image size-large\"><img fetchpriority=\"high\" decoding=\"async\" width=\"1024\" height=\"506\" src=\"https:\/\/elinformante.mx\/wp-content\/uploads\/2026\/03\/10uaemex-2-3-1024x506.jpg\" alt=\"\" class=\"wp-image-101476\" srcset=\"https:\/\/elinformante.mx\/wp-content\/uploads\/2026\/03\/10uaemex-2-3-1024x506.jpg 1024w, https:\/\/elinformante.mx\/wp-content\/uploads\/2026\/03\/10uaemex-2-3-300x148.jpg 300w, https:\/\/elinformante.mx\/wp-content\/uploads\/2026\/03\/10uaemex-2-3-768x379.jpg 768w, https:\/\/elinformante.mx\/wp-content\/uploads\/2026\/03\/10uaemex-2-3.jpg 1140w\" sizes=\"(max-width: 1024px) 100vw, 1024px\" \/><\/figure>\n\n\n\n<p>\u201cSus reflexiones nos invitan a pensar en la importancia de la construcci\u00f3n de comunidades m\u00e1s conscientes, donde el desarrollo personal y colectivo se entrelazan para fortalecer nuestra vida universitaria\u201d, expres\u00f3 la Rectora a trav\u00e9s de sus redes sociales.<br><\/p>\n\n\n\n<p>La charla se enmarca en la visi\u00f3n institucional de la actual administraci\u00f3n, la cual busca consolidar una universidad con sensibilidad social, donde el crecimiento humano sea el motor para generar un impacto positivo en el entorno.<br><\/p>\n\n\n\n<p>Al t\u00e9rmino del evento, se subray\u00f3 que fortalecer el tejido comunitario dentro de la UAEM\u00e9x permite a las y los universitarios enfrentar los retos contempor\u00e1neos con una perspectiva m\u00e1s humana y colaborativa.<\/p>\n","protected":false},"excerpt":{"rendered":"<p>-Se busca fortalecer la vida universitaria a trav\u00e9s de la construcci\u00f3n de comunidades m\u00e1s conscientes. Con el objetivo de fomentar un desarrollo integral que trascienda las aulas, la Universidad Aut\u00f3noma del Estado de M\u00e9xico (UAEM\u00e9x) llev\u00f3 a cabo la charla \u201cConstruyendo el camino com\u00fan\u201d, contando con la destacada participaci\u00f3n del reconocido artista y dise\u00f1ador Sebasti\u00e1n [&hellip;]<\/p>\n","protected":false},"author":1,"featured_media":101475,"comment_status":"closed","ping_status":"closed","sticky":false,"template":"","format":"standard","meta":{"footnotes":""},"categories":[30,36],"tags":[],"class_list":["post-101472","post","type-post","status-publish","format-standard","has-post-thumbnail","hentry","category-destacado","category-edomex"],"_links":{"self":[{"href":"https:\/\/elinformante.mx\/index.php?rest_route=\/wp\/v2\/posts\/101472","targetHints":{"allow":["GET"]}}],"collection":[{"href":"https:\/\/elinformante.mx\/index.php?rest_route=\/wp\/v2\/posts"}],"about":[{"href":"https:\/\/elinformante.mx\/index.php?rest_route=\/wp\/v2\/types\/post"}],"author":[{"embeddable":true,"href":"https:\/\/elinformante.mx\/index.php?rest_route=\/wp\/v2\/users\/1"}],"replies":[{"embeddable":true,"href":"https:\/\/elinformante.mx\/index.php?rest_route=%2Fwp%2Fv2%2Fcomments&post=101472"}],"version-history":[{"count":0,"href":"https:\/\/elinformante.mx\/index.php?rest_route=\/wp\/v2\/posts\/101472\/revisions"}],"wp:featuredmedia":[{"embeddable":true,"href":"https:\/\/elinformante.mx\/index.php?rest_route=\/wp\/v2\/media\/101475"}],"wp:attachment":[{"href":"https:\/\/elinformante.mx\/index.php?rest_route=%2Fwp%2Fv2%2Fmedia&parent=101472"}],"wp:term":[{"taxonomy":"category","embeddable":true,"href":"https:\/\/elinformante.mx\/index.php?rest_route=%2Fwp%2Fv2%2Fcategories&post=101472"},{"taxonomy":"post_tag","embeddable":true,"href":"https:\/\/elinformante.mx\/index.php?rest_route=%2Fwp%2Fv2%2Ftags&post=101472"}],"curies":[{"name":"wp","href":"https:\/\/api.w.org\/{rel}","templated":true}]}}