{"id":101477,"date":"2026-03-12T06:22:53","date_gmt":"2026-03-12T12:22:53","guid":{"rendered":"https:\/\/elinformante.mx\/?p=101477"},"modified":"2026-03-12T06:23:04","modified_gmt":"2026-03-12T12:23:04","slug":"reconoce-delfina-gomez-labor-del-personal-de-seguridad-que-participo-en-el-8m","status":"publish","type":"post","link":"https:\/\/elinformante.mx\/?p=101477","title":{"rendered":"Reconoce Delfina G\u00f3mez labor del personal de seguridad que particip\u00f3 en el 8M"},"content":{"rendered":"\n<figure class=\"wp-block-pullquote\"><blockquote><p>Refrenda su compromiso de un gobierno abierto que escucha y atiende las demandas de las mujeres.<\/p><\/blockquote><\/figure>\n\n\n\n<p class=\"has-drop-cap\">La gobernadora Delfina G\u00f3mez \u00c1lvarez reconoci\u00f3 la labor de las y los elementos de seguridad p\u00fablica del Estado de M\u00e9xico que participaron en el operativo para resguardar la integridad de las personas que asistieron a la marcha con motivo del D\u00eda Internacional de la Mujer, lo anterior con estricto apego a protocolos y respeto a derechos humanos.<br><\/p>\n\n\n\n<p>\u201cEste mi\u00e9rcoles, en la Mesa de Paz, reconocimos a las y los compa\u00f1eros polic\u00edas que estuvieron desplegados durante la manifestaci\u00f3n con motivo del D\u00eda Internacional de la Mujer. Agradecemos su vocaci\u00f3n y servicio, los cuales son pilares para nuestro #Edom\u00e9x\u201d, dijo la mandataria Delfina G\u00f3mez \u00c1lvarez.<br><\/p>\n\n\n\n<p>Destac\u00f3 que su administraci\u00f3n mantiene una pol\u00edtica de respeto a la libre manifestaci\u00f3n y di\u00e1logo permanente con los movimientos sociales, como parte de un gobierno abierto que escucha y atiende las demandas de las mujeres. Asimismo, refrend\u00f3 el compromiso de su administraci\u00f3n para fortalecer las acciones que permitan a las mujeres vivir, transitar y desarrollarse en entornos seguros y libres de violencia.<br><\/p>\n\n\n\n<p>Este reconocimiento se realiz\u00f3 durante la Mesa de Paz n\u00famero 45, en la que participaron Horacio Duarte Olivares, Secretario General de Gobierno; Crist\u00f3bal Casta\u00f1eda Camarillo, Secretario de Seguridad; Jos\u00e9 Luis Cervantes Mart\u00ednez, Fiscal General de Justicia del Estado de M\u00e9xico; Maricela L\u00f3pez Urbina, Secretaria T\u00e9cnica de la Mesa de Paz; as\u00ed como representantes de la Defensa, Marina, Guardia Nacional y del Centro Nacional de Inteligencia.<\/p>\n","protected":false},"excerpt":{"rendered":"<p>Refrenda su compromiso de un gobierno abierto que escucha y atiende las demandas de las mujeres. La gobernadora Delfina G\u00f3mez \u00c1lvarez reconoci\u00f3 la labor de las y los elementos de seguridad p\u00fablica del Estado de M\u00e9xico que participaron en el operativo para resguardar la integridad de las personas que asistieron a la marcha con motivo [&hellip;]<\/p>\n","protected":false},"author":1,"featured_media":101481,"comment_status":"closed","ping_status":"closed","sticky":false,"template":"","format":"standard","meta":{"footnotes":""},"categories":[30,36],"tags":[],"class_list":["post-101477","post","type-post","status-publish","format-standard","has-post-thumbnail","hentry","category-destacado","category-edomex"],"_links":{"self":[{"href":"https:\/\/elinformante.mx\/index.php?rest_route=\/wp\/v2\/posts\/101477","targetHints":{"allow":["GET"]}}],"collection":[{"href":"https:\/\/elinformante.mx\/index.php?rest_route=\/wp\/v2\/posts"}],"about":[{"href":"https:\/\/elinformante.mx\/index.php?rest_route=\/wp\/v2\/types\/post"}],"author":[{"embeddable":true,"href":"https:\/\/elinformante.mx\/index.php?rest_route=\/wp\/v2\/users\/1"}],"replies":[{"embeddable":true,"href":"https:\/\/elinformante.mx\/index.php?rest_route=%2Fwp%2Fv2%2Fcomments&post=101477"}],"version-history":[{"count":0,"href":"https:\/\/elinformante.mx\/index.php?rest_route=\/wp\/v2\/posts\/101477\/revisions"}],"wp:featuredmedia":[{"embeddable":true,"href":"https:\/\/elinformante.mx\/index.php?rest_route=\/wp\/v2\/media\/101481"}],"wp:attachment":[{"href":"https:\/\/elinformante.mx\/index.php?rest_route=%2Fwp%2Fv2%2Fmedia&parent=101477"}],"wp:term":[{"taxonomy":"category","embeddable":true,"href":"https:\/\/elinformante.mx\/index.php?rest_route=%2Fwp%2Fv2%2Fcategories&post=101477"},{"taxonomy":"post_tag","embeddable":true,"href":"https:\/\/elinformante.mx\/index.php?rest_route=%2Fwp%2Fv2%2Ftags&post=101477"}],"curies":[{"name":"wp","href":"https:\/\/api.w.org\/{rel}","templated":true}]}}